{"id":22604,"date":"2014-09-24T20:36:56","date_gmt":"2014-09-25T01:36:56","guid":{"rendered":"http:\/\/www.ambiente.gob.ec\/?p=22604"},"modified":"2014-09-25T12:39:33","modified_gmt":"2014-09-25T17:39:33","slug":"resultados-del-analisis-de-vulnerabilidad-de-las-centrales-hidroelectricas-se-socializo-en-quito","status":"publish","type":"post","link":"https:\/\/www.ambienteyenergia.gob.ec\/ambiente\/resultados-del-analisis-de-vulnerabilidad-de-las-centrales-hidroelectricas-se-socializo-en-quito\/","title":{"rendered":"Resultados del An\u00e1lisis de vulnerabilidad de las Centrales Hidroel\u00e9ctricas se socializ\u00f3 en Quito"},"content":{"rendered":"<p class=\"Textbody\" style=\"text-align: justify;\"><span lang=\"ES-EC\">En el marco del Proyecto \u201cAn\u00e1lisis de Vulnerabilidad de las Centrales Hidroel\u00e9ctricas emblem\u00e1ticas ante los efectos del Cambio Clim\u00e1tico en siete subcuencas hidrogr\u00e1ficas del Ecuador\u201d (CHECC), liderado por el Ministerio del Ambiente de Ecuador (MAE), a trav\u00e9s de la Direcci\u00f3n Nacional de Adaptaci\u00f3n al Cambio Clim\u00e1tico se realiz\u00f3 el taller de socializaci\u00f3n de resultados del primer componente: Clima actual y futuro del estudio \u201cAn\u00e1lisis de la vulnerabilidad de las centrales hidroel\u00e9ctricas priorizadas ante los efectos del cambio clim\u00e1tico\u201d en Quito.<\/span><\/p>\n<p class=\"Textbody\" style=\"text-align: justify;\"><span lang=\"ES-EC\">Durante el evento, las empresas consultoras CIAT (Centro Internacional de Agricultura Tropical) y TECNALIA Reserach &amp; Innovation, presentaron las metodolog\u00edas y los resultados alcanzados para el an\u00e1lisis del clima actual y futuro de las centrales hidroel\u00e9ctricas Delsitanisagua (CIAT), Coca Codo Sinclair, Quijos y Toachi-Pilat\u00f3n (TECNALIA).<\/span><\/p>\n<p class=\"Textbody\" style=\"text-align: justify;\"><span lang=\"ES-EC\"> En el taller, participaron representantes de las diferentes instituciones integrantes de la mesa t\u00e9cnica: Ministerio de Electricidad y Energ\u00eda Renovable (MEER), Instituto Nacional de Eficiencia Energ\u00e9tica y Energ\u00edas Renovables (INER), Consejo Nacional de Electricidad (CONELEC), CELEC-ENERNORTE, HIDROTOAPI, COCA CODO SINCLAIR EP, SENAGUA, Instituto Nacional de Meteorolog\u00eda e Hidrolog\u00eda (INAMHI). Adem\u00e1s participaron representantes del Ministerio del Ambiente, Cooperaci\u00f3n Alemana, Corporaci\u00f3n Andina de Fomento (CAF) y las empresas consultoras CIAT y TECNALIA.<\/span><\/p>\n<p class=\"Standard\"><span lang=\"ES-EC\">\u00a0<\/span><\/p>\n","protected":false},"excerpt":{"rendered":"<p class=\"excerpt\">En el marco del Proyecto \u201cAn\u00e1lisis de Vulnerabilidad de las Centrales Hidroel\u00e9ctricas emblem\u00e1ticas ante los efectos del Cambio Clim\u00e1tico en siete subcuencas hidrogr\u00e1ficas del Ecuador\u201d (CHECC), liderado por el Ministerio del Ambiente de Ecuador (MAE), a trav\u00e9s de la Direcci\u00f3n Nacional de Adaptaci\u00f3n al Cambio Clim\u00e1tico se realiz\u00f3 el taller de socializaci\u00f3n de resultados del primer componente: Clima actual y&hellip; <a href=\"https:\/\/www.ambienteyenergia.gob.ec\/ambiente\/resultados-del-analisis-de-vulnerabilidad-de-las-centrales-hidroelectricas-se-socializo-en-quito\/\">Read more &rarr;<\/a><\/p>\n","protected":false},"author":13,"featured_media":22605,"comment_status":"open","ping_status":"open","sticky":false,"template":"","format":"standard","meta":{"footnotes":""},"categories":[16,4,1],"tags":[387],"class_list":["post-22604","post","type-post","status-publish","format-standard","has-post-thumbnail","hentry","category-comunicamos","category-noticias","category-sin-categoria","tag-mae-lorena-tapia","xfolkentry"],"_links":{"self":[{"href":"https:\/\/www.ambienteyenergia.gob.ec\/ambiente\/wp-json\/wp\/v2\/posts\/22604","targetHints":{"allow":["GET"]}}],"collection":[{"href":"https:\/\/www.ambienteyenergia.gob.ec\/ambiente\/wp-json\/wp\/v2\/posts"}],"about":[{"href":"https:\/\/www.ambienteyenergia.gob.ec\/ambiente\/wp-json\/wp\/v2\/types\/post"}],"author":[{"embeddable":true,"href":"https:\/\/www.ambienteyenergia.gob.ec\/ambiente\/wp-json\/wp\/v2\/users\/13"}],"replies":[{"embeddable":true,"href":"https:\/\/www.ambienteyenergia.gob.ec\/ambiente\/wp-json\/wp\/v2\/comments?post=22604"}],"version-history":[{"count":0,"href":"https:\/\/www.ambienteyenergia.gob.ec\/ambiente\/wp-json\/wp\/v2\/posts\/22604\/revisions"}],"wp:featuredmedia":[{"embeddable":true,"href":"https:\/\/www.ambienteyenergia.gob.ec\/ambiente\/wp-json\/wp\/v2\/media\/22605"}],"wp:attachment":[{"href":"https:\/\/www.ambienteyenergia.gob.ec\/ambiente\/wp-json\/wp\/v2\/media?parent=22604"}],"wp:term":[{"taxonomy":"category","embeddable":true,"href":"https:\/\/www.ambienteyenergia.gob.ec\/ambiente\/wp-json\/wp\/v2\/categories?post=22604"},{"taxonomy":"post_tag","embeddable":true,"href":"https:\/\/www.ambienteyenergia.gob.ec\/ambiente\/wp-json\/wp\/v2\/tags?post=22604"}],"curies":[{"name":"wp","href":"https:\/\/api.w.org\/{rel}","templated":true}]}}