{"id":22599,"date":"2014-09-25T10:59:27","date_gmt":"2014-09-25T15:59:27","guid":{"rendered":"http:\/\/www.ambiente.gob.ec\/?p=22599"},"modified":"2014-09-25T10:59:27","modified_gmt":"2014-09-25T15:59:27","slug":"mae-presenta-resultados-de-estudio-realizado-en-manabi","status":"publish","type":"post","link":"https:\/\/www.ambienteyenergia.gob.ec\/ambiente\/mae-presenta-resultados-de-estudio-realizado-en-manabi\/","title":{"rendered":"MAE presenta resultados de estudio realizado en Manab\u00ed"},"content":{"rendered":"<p style=\"text-align: justify;\">En el marco de la conferencia sobre la Percepci\u00f3n de la Industria atunera de Ecuador hacia la Reserva Marina de Gal\u00e1pagos, efectuada por la Subsecretar\u00eda de Gesti\u00f3n Marina y Costera (SGMC) del Ministerio del Ambiente de Ecuador (MAE), Nadine Kliffer, Antrop\u00f3loga del Fondo Mundial para la Naturaleza (por sus siglas en ingl\u00e9s WWF), revel\u00f3 los resultados del estudio efectuado a la pesquer\u00eda industrial atunera de Manta, frente a la creaci\u00f3n de la Reserva Marina de Gal\u00e1pagos.<\/p>\n<p style=\"text-align: justify;\">En este contexto, Eli\u00e9cer Cruz, titular de la SGMC, en una breve introducci\u00f3n aclar\u00f3 que los cambios que se han suscitados en la reserva marina desde hace 16 a\u00f1os, motivaron a la realizaci\u00f3n de \u00e9ste estudio, que busca medir los niveles de percepci\u00f3n que tienen los sectores productivos, en relaci\u00f3n a la influencia de la Reserva Marina Gal\u00e1pagos en sus actividades cotidianas.<\/p>\n<p style=\"text-align: justify;\">No obstante, Kliffer destac\u00f3 que despu\u00e9s de 16 a\u00f1os de creada esta reserva, los mismos armadores y pescadores tienen una postura positiva a cerca de la creaci\u00f3n del \u00e1rea protegida marina costera.<\/p>\n<p style=\"text-align: justify;\">En las entrevista efectuadas por las antrop\u00f3logas de la WWF, a los pescadores y armadores de Manta, se pudo visibilizar que los controles y la aplicaci\u00f3n de la normativa ambiental que se implement\u00f3 en la zona, son acciones positivas que ha beneficiado a las labores de pesca, evitando la extracci\u00f3n irracional de los recursos marinos.<\/p>\n<p style=\"text-align: justify;\">Eso fue ratificado por Jos\u00e9 Chunga Mac\u00edas, representante de la Federaci\u00f3n Nacional de Cooperativas Pescadoras del Ecuador (Fenacopec), quien expres\u00f3 que estas acciones de conservaci\u00f3n han ayudado y ayudan a mantener el recurso para su uso sustentable.<\/p>\n<p style=\"text-align: justify;\">Luis Arriaga, Gerente del Proyecto de Conservaci\u00f3n de la Biodiversidad Marina y Costera del MAE y participante de la conferencia, mencion\u00f3 la importancia de estos procesos de di\u00e1logo, que busca vincular a todos los actores en la toma de decisiones para lograr un trabajo conjunto en beneficio del ambiente y de la sociedad del Buen Vivir.<\/p>\n<p style=\"text-align: justify;\">La conferencia se realiz\u00f3 ayer en el Edificio del Gobierno Zonal de Guayaquil, con la presencia de representantes del Instituto Nacional de Pesca (INP), Direcci\u00f3n Nacional de Espacios Acu\u00e1ticos (Dirnea), Fenacopec y SGMC.<\/p>\n<p>JA\/DS<\/p>\n","protected":false},"excerpt":{"rendered":"<p class=\"excerpt\">En el marco de la conferencia sobre la Percepci\u00f3n de la Industria atunera de Ecuador hacia la Reserva Marina de Gal\u00e1pagos, efectuada por la Subsecretar\u00eda de Gesti\u00f3n Marina y Costera (SGMC) del Ministerio del Ambiente de Ecuador (MAE), Nadine Kliffer, Antrop\u00f3loga del Fondo Mundial para la Naturaleza (por sus siglas en ingl\u00e9s WWF), revel\u00f3 los resultados del estudio efectuado a&hellip; <a href=\"https:\/\/www.ambienteyenergia.gob.ec\/ambiente\/mae-presenta-resultados-de-estudio-realizado-en-manabi\/\">Read more &rarr;<\/a><\/p>\n","protected":false},"author":13,"featured_media":22601,"comment_status":"open","ping_status":"open","sticky":false,"template":"","format":"standard","meta":{"footnotes":""},"categories":[16,4],"tags":[387],"class_list":["post-22599","post","type-post","status-publish","format-standard","has-post-thumbnail","hentry","category-comunicamos","category-noticias","tag-mae-lorena-tapia","xfolkentry"],"_links":{"self":[{"href":"https:\/\/www.ambienteyenergia.gob.ec\/ambiente\/wp-json\/wp\/v2\/posts\/22599","targetHints":{"allow":["GET"]}}],"collection":[{"href":"https:\/\/www.ambienteyenergia.gob.ec\/ambiente\/wp-json\/wp\/v2\/posts"}],"about":[{"href":"https:\/\/www.ambienteyenergia.gob.ec\/ambiente\/wp-json\/wp\/v2\/types\/post"}],"author":[{"embeddable":true,"href":"https:\/\/www.ambienteyenergia.gob.ec\/ambiente\/wp-json\/wp\/v2\/users\/13"}],"replies":[{"embeddable":true,"href":"https:\/\/www.ambienteyenergia.gob.ec\/ambiente\/wp-json\/wp\/v2\/comments?post=22599"}],"version-history":[{"count":0,"href":"https:\/\/www.ambienteyenergia.gob.ec\/ambiente\/wp-json\/wp\/v2\/posts\/22599\/revisions"}],"wp:featuredmedia":[{"embeddable":true,"href":"https:\/\/www.ambienteyenergia.gob.ec\/ambiente\/wp-json\/wp\/v2\/media\/22601"}],"wp:attachment":[{"href":"https:\/\/www.ambienteyenergia.gob.ec\/ambiente\/wp-json\/wp\/v2\/media?parent=22599"}],"wp:term":[{"taxonomy":"category","embeddable":true,"href":"https:\/\/www.ambienteyenergia.gob.ec\/ambiente\/wp-json\/wp\/v2\/categories?post=22599"},{"taxonomy":"post_tag","embeddable":true,"href":"https:\/\/www.ambienteyenergia.gob.ec\/ambiente\/wp-json\/wp\/v2\/tags?post=22599"}],"curies":[{"name":"wp","href":"https:\/\/api.w.org\/{rel}","templated":true}]}}