{"id":22594,"date":"2014-09-25T09:25:28","date_gmt":"2014-09-25T14:25:28","guid":{"rendered":"http:\/\/www.ambiente.gob.ec\/?p=22594"},"modified":"2014-09-25T10:13:06","modified_gmt":"2014-09-25T15:13:06","slug":"mae-activa-plan-de-contingencia-para-controlar-incendio-en-la-reserva-chimborazo","status":"publish","type":"post","link":"https:\/\/www.ambienteyenergia.gob.ec\/ambiente\/mae-activa-plan-de-contingencia-para-controlar-incendio-en-la-reserva-chimborazo\/","title":{"rendered":"MAE activa plan de contingencia para controlar incendio en la Reserva Chimborazo"},"content":{"rendered":"<p style=\"color: rgb(0, 0, 0); text-align: justify;\">Desde\u00a0<span id=\"OBJ_PREFIX_DWT1194_com_zimbra_date\" class=\"Object\" style=\"color: #00008b;\">ayer<\/span>, el Ministerio del Ambiente (MAE), controla un flagelo suscitado en la Cooperativa Santa Teresita de Guabug, Parroquia San Juan, del cant\u00f3n Riobamba, zona que est\u00e1 al interior de la Reserva de Producci\u00f3n de Fauna Chimborazo.<\/p>\n<p style=\"color: rgb(0, 0, 0); text-align: justify;\">El incendio fue localizado mientras guardaparques de esta \u00c1rea Protegida realizaban actividades de control y vigilancia. Al verificar el incendio, el MAE activo el plan de contingencia su control inmediato.<\/p>\n<p style=\"color: rgb(0, 0, 0); text-align: justify;\">De manera preliminar se estima que entre las especies de flora afectadas constan: paja de p\u00e1ramo (Calamagrostis intermedia), almohadillas (Plantago rigida) y peque\u00f1os parches de \u00e1rboles nativos de la especie Yagual (Polylepis reticulata); a m\u00e1s de conejos de p\u00e1ramo.<\/p>\n<p style=\"color: rgb(0, 0, 0); text-align: justify;\">En horas de la noche, personal t\u00e9cnico de la Direcci\u00f3n Provincial del Ambiente iniciaron las labores de control y sofocamiento del incendio, con el fin de evitar una mayor afectaci\u00f3n. Adem\u00e1s, se ha reforzado el trabajo con guardaparques de las provincias cercanas, esto por disposici\u00f3n de la M\u00e1xima Autoridad Ambiental.<\/p>\n<p style=\"color: rgb(0, 0, 0); text-align: justify;\"><span id=\"OBJ_PREFIX_DWT1195_com_zimbra_date\" class=\"Object\" style=\"color: #00008b;\">Hoy<\/span>, personal el MAE en coordinaci\u00f3n con la Secretaria Nacional de Riesgos, Cuerpo de Bomberos y ECU 911, retomar\u00e1n las medidas de contingencia, con el objetivo de extinguir por completo el flagelo, y de esta manera poder cuantificar la magnitud del \u00e1rea afectada para iniciar con el proceso administrativo correspondiente, a m\u00e1s de iniciar las acciones de remediaci\u00f3n ambiental en la zona. Tambi\u00e9n se trabaja en la investigaci\u00f3n de las causas de este flagelo.<\/p>\n","protected":false},"excerpt":{"rendered":"<p class=\"excerpt\">Desde\u00a0ayer, el Ministerio del Ambiente (MAE), controla un flagelo suscitado en la Cooperativa Santa Teresita de Guabug, Parroquia San Juan, del cant\u00f3n Riobamba, zona que est\u00e1 al interior de la Reserva de Producci\u00f3n de Fauna Chimborazo. El incendio fue localizado mientras guardaparques de esta \u00c1rea Protegida realizaban actividades de control y vigilancia. Al verificar el incendio, el MAE activo el&hellip; <a href=\"https:\/\/www.ambienteyenergia.gob.ec\/ambiente\/mae-activa-plan-de-contingencia-para-controlar-incendio-en-la-reserva-chimborazo\/\">Read more &rarr;<\/a><\/p>\n","protected":false},"author":13,"featured_media":22595,"comment_status":"open","ping_status":"open","sticky":false,"template":"","format":"standard","meta":{"footnotes":""},"categories":[16,4],"tags":[387],"class_list":["post-22594","post","type-post","status-publish","format-standard","has-post-thumbnail","hentry","category-comunicamos","category-noticias","tag-mae-lorena-tapia","xfolkentry"],"_links":{"self":[{"href":"https:\/\/www.ambienteyenergia.gob.ec\/ambiente\/wp-json\/wp\/v2\/posts\/22594","targetHints":{"allow":["GET"]}}],"collection":[{"href":"https:\/\/www.ambienteyenergia.gob.ec\/ambiente\/wp-json\/wp\/v2\/posts"}],"about":[{"href":"https:\/\/www.ambienteyenergia.gob.ec\/ambiente\/wp-json\/wp\/v2\/types\/post"}],"author":[{"embeddable":true,"href":"https:\/\/www.ambienteyenergia.gob.ec\/ambiente\/wp-json\/wp\/v2\/users\/13"}],"replies":[{"embeddable":true,"href":"https:\/\/www.ambienteyenergia.gob.ec\/ambiente\/wp-json\/wp\/v2\/comments?post=22594"}],"version-history":[{"count":0,"href":"https:\/\/www.ambienteyenergia.gob.ec\/ambiente\/wp-json\/wp\/v2\/posts\/22594\/revisions"}],"wp:featuredmedia":[{"embeddable":true,"href":"https:\/\/www.ambienteyenergia.gob.ec\/ambiente\/wp-json\/wp\/v2\/media\/22595"}],"wp:attachment":[{"href":"https:\/\/www.ambienteyenergia.gob.ec\/ambiente\/wp-json\/wp\/v2\/media?parent=22594"}],"wp:term":[{"taxonomy":"category","embeddable":true,"href":"https:\/\/www.ambienteyenergia.gob.ec\/ambiente\/wp-json\/wp\/v2\/categories?post=22594"},{"taxonomy":"post_tag","embeddable":true,"href":"https:\/\/www.ambienteyenergia.gob.ec\/ambiente\/wp-json\/wp\/v2\/tags?post=22594"}],"curies":[{"name":"wp","href":"https:\/\/api.w.org\/{rel}","templated":true}]}}