{"id":22588,"date":"2014-09-24T11:20:23","date_gmt":"2014-09-24T16:20:23","guid":{"rendered":"http:\/\/www.ambiente.gob.ec\/?p=22588"},"modified":"2014-09-24T11:20:23","modified_gmt":"2014-09-24T16:20:23","slug":"mae-capacito-en-cambio-climatico-a-funcionarios-de-instituciones-publicas-en-esmeraldas","status":"publish","type":"post","link":"https:\/\/www.ambienteyenergia.gob.ec\/ambiente\/mae-capacito-en-cambio-climatico-a-funcionarios-de-instituciones-publicas-en-esmeraldas\/","title":{"rendered":"MAE capacit\u00f3 en cambio clim\u00e1tico a funcionarios de instituciones p\u00fablicas en Esmeraldas"},"content":{"rendered":"<p style=\"text-align: justify;\">Funcionarios del proyecto Gesti\u00f3n de la Adaptaci\u00f3n al Cambio Clim\u00e1tico para Disminuir la Vulnerabilidad Social, Econ\u00f3mica y Ambiental (GACC) liderado por la Subsecretar\u00eda de Cambio Clim\u00e1tico del Ministerio del Ambiente de Ecuador (MAE) en colaboraci\u00f3n con funcionarios de la Cooperaci\u00f3n T\u00e9cnica Alemana (GIZ, por sus siglas en alem\u00e1n), dictaron en la provincia de Esmeraldas el taller \u201cFortalecimiento de capacidades t\u00e9cnicas en cambio clim\u00e1tico e integraci\u00f3n del enfoque en la planificaci\u00f3n del territorio\u201d.<\/p>\n<p style=\"text-align: justify;\">Durante el taller se profundizaron conocimientos en conceptos de cambio clim\u00e1tico y se socializ\u00f3 la Gu\u00eda Explicativa sobre Lineamientos de Cambio Clim\u00e1tico de Gobiernos Aut\u00f3nomos Descentralizados para cumplir el compromiso de impulsar acciones que permitan la transversalizaci\u00f3n del Cambio Clim\u00e1tico a nivel territorial en l\u00ednea de su Estrategia Nacional, as\u00ed como generar capacidades para enfrentar esta problem\u00e1tica<\/p>\n<p style=\"text-align: justify;\">El pr\u00f3ximo paso es trabajar en zonas importantes en la Provincia de Esmeraldas para poner en pr\u00e1ctica los conceptos y metodolog\u00edas aprendidas, mediante el acompa\u00f1amiento durante la elaboraci\u00f3n del Plan de Cambio Clim\u00e1tico.<\/p>\n","protected":false},"excerpt":{"rendered":"<p class=\"excerpt\">Funcionarios del proyecto Gesti\u00f3n de la Adaptaci\u00f3n al Cambio Clim\u00e1tico para Disminuir la Vulnerabilidad Social, Econ\u00f3mica y Ambiental (GACC) liderado por la Subsecretar\u00eda de Cambio Clim\u00e1tico del Ministerio del Ambiente de Ecuador (MAE) en colaboraci\u00f3n con funcionarios de la Cooperaci\u00f3n T\u00e9cnica Alemana (GIZ, por sus siglas en alem\u00e1n), dictaron en la provincia de Esmeraldas el taller \u201cFortalecimiento de capacidades t\u00e9cnicas&hellip; <a href=\"https:\/\/www.ambienteyenergia.gob.ec\/ambiente\/mae-capacito-en-cambio-climatico-a-funcionarios-de-instituciones-publicas-en-esmeraldas\/\">Read more &rarr;<\/a><\/p>\n","protected":false},"author":13,"featured_media":22589,"comment_status":"open","ping_status":"open","sticky":false,"template":"","format":"standard","meta":{"footnotes":""},"categories":[16,4],"tags":[387],"class_list":["post-22588","post","type-post","status-publish","format-standard","has-post-thumbnail","hentry","category-comunicamos","category-noticias","tag-mae-lorena-tapia","xfolkentry"],"_links":{"self":[{"href":"https:\/\/www.ambienteyenergia.gob.ec\/ambiente\/wp-json\/wp\/v2\/posts\/22588","targetHints":{"allow":["GET"]}}],"collection":[{"href":"https:\/\/www.ambienteyenergia.gob.ec\/ambiente\/wp-json\/wp\/v2\/posts"}],"about":[{"href":"https:\/\/www.ambienteyenergia.gob.ec\/ambiente\/wp-json\/wp\/v2\/types\/post"}],"author":[{"embeddable":true,"href":"https:\/\/www.ambienteyenergia.gob.ec\/ambiente\/wp-json\/wp\/v2\/users\/13"}],"replies":[{"embeddable":true,"href":"https:\/\/www.ambienteyenergia.gob.ec\/ambiente\/wp-json\/wp\/v2\/comments?post=22588"}],"version-history":[{"count":0,"href":"https:\/\/www.ambienteyenergia.gob.ec\/ambiente\/wp-json\/wp\/v2\/posts\/22588\/revisions"}],"wp:featuredmedia":[{"embeddable":true,"href":"https:\/\/www.ambienteyenergia.gob.ec\/ambiente\/wp-json\/wp\/v2\/media\/22589"}],"wp:attachment":[{"href":"https:\/\/www.ambienteyenergia.gob.ec\/ambiente\/wp-json\/wp\/v2\/media?parent=22588"}],"wp:term":[{"taxonomy":"category","embeddable":true,"href":"https:\/\/www.ambienteyenergia.gob.ec\/ambiente\/wp-json\/wp\/v2\/categories?post=22588"},{"taxonomy":"post_tag","embeddable":true,"href":"https:\/\/www.ambienteyenergia.gob.ec\/ambiente\/wp-json\/wp\/v2\/tags?post=22588"}],"curies":[{"name":"wp","href":"https:\/\/api.w.org\/{rel}","templated":true}]}}