{"id":22581,"date":"2014-09-23T18:51:52","date_gmt":"2014-09-23T23:51:52","guid":{"rendered":"http:\/\/www.ambiente.gob.ec\/?p=22581"},"modified":"2014-09-24T09:44:24","modified_gmt":"2014-09-24T14:44:24","slug":"ecuador-demuestra-acciones-concretas-contra-el-cambio-climatico-lorena-tapia-ministra-del-ambiente","status":"publish","type":"post","link":"https:\/\/www.ambienteyenergia.gob.ec\/ambiente\/ecuador-demuestra-acciones-concretas-contra-el-cambio-climatico-lorena-tapia-ministra-del-ambiente\/","title":{"rendered":"\u201cEcuador demuestra acciones concretas contra el Cambio Clim\u00e1tico\u201d Lorena Tapia, Ministra del Ambiente"},"content":{"rendered":"<p style=\"text-align: justify;\"><span style=\"color: #000000;\">La Ministra Lorena Tapia particip\u00f3 hoy en el bloque denominado \u201cPlenaria de Anuncios Nacionales: Acci\u00f3n y Ambici\u00f3n frente al Cambio Clim\u00e1tico\u201d en representaci\u00f3n del Ecuador en la Cumbre del Clima de Naciones Unidas, en New York.<\/span><\/p>\n<p style=\"text-align: justify;\"><span style=\"color: #000000;\">Como parte de una iniciativa mundial para construir una base s\u00f3lida de negociaci\u00f3n, avanzar hacia la reducci\u00f3n de las emisiones de gases de efecto invernadero (GEI) y el fortalecimiento de estrategias de adaptaci\u00f3n, se celebr\u00f3<span class=\"apple-converted-space\">\u00a0<\/span><span id=\"OBJ_PREFIX_DWT532_com_zimbra_date\"><span class=\"object\">dicha cumbre\u00a0<\/span>que reuni\u00f3 a jefes de Estado y de gobierno, representantes del sector empresarial, cient\u00edficos y miembros de la sociedad civil.<\/span><\/span><\/p>\n<p style=\"text-align: justify;\"><span style=\"color: #000000;\">En su discurso,\u00a0explic\u00f3 que a\u00fan cuando las emisiones del Ecuador representan el 0.01% mundial, como parte del Cambio de Matriz Energ\u00e9tica que impulsa el Gobierno Nacional se fomentan acciones de mitigaci\u00f3n del cambio clim\u00e1tico como el Programa de Cocci\u00f3n Eficiente<span class=\"apple-converted-space\">\u00a0<\/span>que busca reemplazar en la gran mayor\u00eda de los hogares ecuatorianos a las cocinas que requieren de gas licuado de petr\u00f3leo por cocinas de inducci\u00f3n. \u201c<span lang=\"ES-TRAD\">Estas cocinas funcionar\u00e1n con la electricidad generada por nuestras nuevas centrales hidroel\u00e9ctricas, de igual manera se promueve el uso de gas asociado en la separaci\u00f3n. Con este reemplazo, para muchos hogares ecuatorianos la fuente de energ\u00eda m\u00e1s importante dejar\u00e1 de ser de origen f\u00f3sil y pasar\u00e1 a ser renovable\u201d. \u00a0Agreg\u00f3 que estas medidas representar\u00e1n para el pa\u00eds una reducci\u00f3n de emisiones en el sector energ\u00e9tico equivalentes al 39%. \u201cSon acciones concretas para la mitigaci\u00f3n del cambio clim\u00e1tico<\/span>\u201d, recalc\u00f3.<\/span><\/p>\n<p style=\"text-align: justify;\"><span style=\"color: #000000;\">Asimismo, la titular de esta Cartera de Estado<span class=\"apple-converted-space\">,\u00a0<\/span>destac\u00f3 que las acciones de Ecuador son \u201cconcretas\u201d, una vez que han pasado de la fase de planificaci\u00f3n a la implementaci\u00f3n<span class=\"apple-converted-space\">\u00a0<\/span>e insisti\u00f3: \u201cNos sorprende ver que aquellos pa\u00edses con las capacidades de actuar, cuyos niveles de emisi\u00f3n hist\u00f3ricos y presentes son las principales causantes de este problema, no han dise\u00f1ado pol\u00edticas apropiadas lo suficientemente ambiciosas para abordar al problema clim\u00e1tica. Estas se\u00f1ales no demuestran \u00a0un liderazgo efectivo de los esfuerzos globales, que responden a las contribuciones y compromisos de financiamiento bajo la Convenci\u00f3n y afectan a los pa\u00edses en desarrollo que sufrir\u00e1n las consecuencias del cambio clim\u00e1tico como es el caso del \u00a0Ecuador\u00bb.<\/span><\/p>\n<p style=\"text-align: justify;\"><span style=\"color: #000000;\">Al final de su intervenci\u00f3n, la Maxima Autoridad Ambiental Ecuatoriana reiter\u00f3 el compromiso del Ecuador en la lucha contra el cambio clim\u00e1tico, consecuente con la responsabilidad colectiva de asegurar el bienestar no solo de las generaciones futuras sino tambi\u00e9n de las presentes. \u201cLa diferencia entre 1992, cuando firmamos la Convenci\u00f3n, y<span class=\"apple-converted-space\">\u00a0<span id=\"OBJ_PREFIX_DWT533_com_zimbra_date\"><\/span><span class=\"object\">hoy<\/span><\/span>, es la eminente evidencia de que el cambio clim\u00e1tico est\u00e1 aqu\u00ed y es nuestro deber como l\u00edderes gubernamentales y como ciudadanos del mundo proteger nuestro planeta, proteger nuestro hogar.\u201d<\/span><\/p>\n<p style=\"text-align: justify;\"><span style=\"color: #000000;\"><strong>El dato<\/strong><\/span><\/p>\n<p style=\"text-align: justify;\"><span style=\"color: #000000;\">El Gobierno Nacional actualmente construye ocho plantas hidroel\u00e9ctricas que entrar\u00e1n a operar hasta el 2017. Ser\u00e1n instalados en total 2827 megavatios, lo que representa una inversi\u00f3n de m\u00e1s de 8 mil 460 millones de d\u00f3lares &#8211; recursos propios del Ecuador destinados al desarrollo sostenible y a la mitigaci\u00f3n del cambio clim\u00e1tico.<\/span><\/p>\n","protected":false},"excerpt":{"rendered":"<p class=\"excerpt\">La Ministra Lorena Tapia particip\u00f3 hoy en el bloque denominado \u201cPlenaria de Anuncios Nacionales: Acci\u00f3n y Ambici\u00f3n frente al Cambio Clim\u00e1tico\u201d en representaci\u00f3n del Ecuador en la Cumbre del Clima de Naciones Unidas, en New York. Como parte de una iniciativa mundial para construir una base s\u00f3lida de negociaci\u00f3n, avanzar hacia la reducci\u00f3n de las emisiones de gases de efecto&hellip; <a href=\"https:\/\/www.ambienteyenergia.gob.ec\/ambiente\/ecuador-demuestra-acciones-concretas-contra-el-cambio-climatico-lorena-tapia-ministra-del-ambiente\/\">Read more &rarr;<\/a><\/p>\n","protected":false},"author":13,"featured_media":22582,"comment_status":"open","ping_status":"open","sticky":false,"template":"","format":"standard","meta":{"footnotes":""},"categories":[16,4],"tags":[557,555,546,53,556],"class_list":["post-22581","post","type-post","status-publish","format-standard","has-post-thumbnail","hentry","category-comunicamos","category-noticias","tag-climate","tag-cumbre-de-cambio-climatico","tag-lorenatapia","tag-mae","tag-new-york","xfolkentry"],"_links":{"self":[{"href":"https:\/\/www.ambienteyenergia.gob.ec\/ambiente\/wp-json\/wp\/v2\/posts\/22581","targetHints":{"allow":["GET"]}}],"collection":[{"href":"https:\/\/www.ambienteyenergia.gob.ec\/ambiente\/wp-json\/wp\/v2\/posts"}],"about":[{"href":"https:\/\/www.ambienteyenergia.gob.ec\/ambiente\/wp-json\/wp\/v2\/types\/post"}],"author":[{"embeddable":true,"href":"https:\/\/www.ambienteyenergia.gob.ec\/ambiente\/wp-json\/wp\/v2\/users\/13"}],"replies":[{"embeddable":true,"href":"https:\/\/www.ambienteyenergia.gob.ec\/ambiente\/wp-json\/wp\/v2\/comments?post=22581"}],"version-history":[{"count":0,"href":"https:\/\/www.ambienteyenergia.gob.ec\/ambiente\/wp-json\/wp\/v2\/posts\/22581\/revisions"}],"wp:featuredmedia":[{"embeddable":true,"href":"https:\/\/www.ambienteyenergia.gob.ec\/ambiente\/wp-json\/wp\/v2\/media\/22582"}],"wp:attachment":[{"href":"https:\/\/www.ambienteyenergia.gob.ec\/ambiente\/wp-json\/wp\/v2\/media?parent=22581"}],"wp:term":[{"taxonomy":"category","embeddable":true,"href":"https:\/\/www.ambienteyenergia.gob.ec\/ambiente\/wp-json\/wp\/v2\/categories?post=22581"},{"taxonomy":"post_tag","embeddable":true,"href":"https:\/\/www.ambienteyenergia.gob.ec\/ambiente\/wp-json\/wp\/v2\/tags?post=22581"}],"curies":[{"name":"wp","href":"https:\/\/api.w.org\/{rel}","templated":true}]}}