{"id":22570,"date":"2014-09-23T09:35:29","date_gmt":"2014-09-23T14:35:29","guid":{"rendered":"http:\/\/www.ambiente.gob.ec\/?p=22570"},"modified":"2014-09-23T16:38:28","modified_gmt":"2014-09-23T21:38:28","slug":"mae-realiza-minga-de-limpieza-en-estero-las-ranas","status":"publish","type":"post","link":"https:\/\/www.ambienteyenergia.gob.ec\/ambiente\/mae-realiza-minga-de-limpieza-en-estero-las-ranas\/","title":{"rendered":"MAE realiza minga de limpieza en Estero Las Ranas"},"content":{"rendered":"<p lang=\"es-ES\" align=\"justify\"><span style=\"font-family: Times;\"><span style=\"font-family: Arial, sans-serif;\"><span lang=\"es-ES\">Como parte de las diferentes actividades de recuperaci\u00f3n y remediaci\u00f3n del Estero Salado, <\/span><\/span><span style=\"font-family: Arial, sans-serif;\"><span lang=\"es-ES\">el Ministerio del Ambiente de Ecuador (MAE), a trav\u00e9s d<\/span><\/span><span style=\"font-family: Arial, sans-serif;\"><span lang=\"es-ES\">el Proyecto Guayaquil Ecol\u00f3gico \u2013 Componente Estero Salado, en colaboraci\u00f3n con el Ministerio de Salud P\u00fablica (MSP), Consorcio Puerto Limpio y Visolit, se <\/span><\/span><span style=\"font-family: Arial, sans-serif;\"><span lang=\"es-ES\">realiz\u00f3 una<\/span><\/span><span style=\"font-family: Arial, sans-serif;\"><span lang=\"es-ES\"> minga de limpieza comunitaria y brigada m\u00e9dica en el Estero Las Ranas.<\/span><\/span><\/span><\/p>\n<p class=\"western\" lang=\"es-ES\" align=\"justify\"><span style=\"font-family: Arial, sans-serif;\">En horas de la ma\u00f1ana, con la participaci\u00f3n de moradores del sector, se logr\u00f3 realizar la recolecci\u00f3n de desechos dom\u00e9sticos, as\u00ed como tambi\u00e9n la limpieza de las calles. Cerca de dos toneladas de residuos fueron trasladados a su disposici\u00f3n final, gracias al aporte de funcionarios de Puerto Limpio y Visolit.<\/span><\/p>\n<p lang=\"es-ES\" align=\"justify\"><span style=\"font-family: Times;\"><span style=\"font-family: Arial, sans-serif;\"><span lang=\"es-ES\">Por otra parte, p<\/span><\/span><span style=\"font-family: Arial, sans-serif;\"><span lang=\"es-ES\">romotores ambientales de<\/span><\/span><span style=\"font-family: Arial, sans-serif;\"><span lang=\"es-ES\">l MAE<\/span><\/span><span style=\"font-family: Arial, sans-serif;\"><span lang=\"es-ES\"> instalaron una carpa de informaci\u00f3n donde se socializ\u00f3 sobre las actividades que el Proyecto Guayaquil Ecol\u00f3gico \u2013 Componente Estero Salado ejecuta en las riberas del Estero a favor de su recuperaci\u00f3n.<\/span><\/span><\/span><\/p>\n<p lang=\"es-ES\" align=\"justify\"><span style=\"font-family: Times;\"><span style=\"font-family: Arial, sans-serif;\"><span lang=\"es-ES\">Adicionalmente<\/span><\/span><span style=\"font-family: Arial, sans-serif;\"><span lang=\"es-ES\"> se impartieron charlas sobre el correcto manejo de los desechos s\u00f3lidos, y los procesos <\/span><\/span><span style=\"font-family: Arial, sans-serif;\"><span lang=\"es-ES\">administrativos que contempla la ley,<\/span><\/span><span style=\"font-family: Arial, sans-serif;\"><span lang=\"es-ES\"> para aquellas personas que arrojen desperdicios al Estero.<\/span><\/span><\/span><\/p>\n<p class=\"western\" lang=\"es-ES\" align=\"justify\"><span style=\"font-family: Arial, sans-serif;\">El Ministerio de Salud P\u00fablica <\/span><span style=\"font-family: Arial, sans-serif;\">brind\u00f3<\/span><span style=\"font-family: Arial, sans-serif;\"> atenci\u00f3n m\u00e9dica preventiva <\/span><span style=\"font-family: Arial, sans-serif;\">(revisi\u00f3n de signos vitales, toma de pulso)<\/span><span style=\"font-family: Arial, sans-serif;\"> a alrededor de 200 habitantes <\/span><span style=\"font-family: Arial, sans-serif;\">del<\/span><span style=\"font-family: Arial, sans-serif;\"> sector, entregando medicinas, vitaminas, adem\u00e1s de <\/span><span style=\"font-family: Arial, sans-serif;\">brindar <\/span><span style=\"font-family: Arial, sans-serif;\">asistencia odontol\u00f3gica y ginecol<\/span><span style=\"font-family: Arial, sans-serif;\">\u00f3gic<\/span><span style=\"font-family: Arial, sans-serif;\">a.<\/span><\/p>\n<p class=\"western\" lang=\"es-ES\" align=\"justify\"><span style=\"font-family: Arial, sans-serif;\">Adem\u00e1s el MSP llev\u00f3 a cabo una campa\u00f1a de vacunaci\u00f3n masiva contra la rabia a canes y felinos, eliminaci\u00f3n de plagas y fumigaci\u00f3n en el sector, adem\u00e1s de charlas de educaci\u00f3n en cuanto al manejo y cuidado de animales dom\u00e9sticos.<\/span><\/p>\n<p lang=\"es-ES\" align=\"justify\"><span style=\"font-family: Arial, sans-serif;\">Estas actividades forman parte de un cronograma que se ejecutar\u00e1 en varios sectores a lo largo del Estero Salado como parte del programa de educaci\u00f3n ambiental y recuperaci\u00f3n integral del Estero Salado.<\/span><\/p>\n<p class=\"western\" lang=\"es-ES\" align=\"justify\">\n","protected":false},"excerpt":{"rendered":"<p class=\"excerpt\">Como parte de las diferentes actividades de recuperaci\u00f3n y remediaci\u00f3n del Estero Salado, el Ministerio del Ambiente de Ecuador (MAE), a trav\u00e9s del Proyecto Guayaquil Ecol\u00f3gico \u2013 Componente Estero Salado, en colaboraci\u00f3n con el Ministerio de Salud P\u00fablica (MSP), Consorcio Puerto Limpio y Visolit, se realiz\u00f3 una minga de limpieza comunitaria y brigada m\u00e9dica en el Estero Las Ranas. En&hellip; <a href=\"https:\/\/www.ambienteyenergia.gob.ec\/ambiente\/mae-realiza-minga-de-limpieza-en-estero-las-ranas\/\">Read more &rarr;<\/a><\/p>\n","protected":false},"author":13,"featured_media":22571,"comment_status":"open","ping_status":"open","sticky":false,"template":"","format":"standard","meta":{"footnotes":""},"categories":[16,4],"tags":[387],"class_list":["post-22570","post","type-post","status-publish","format-standard","has-post-thumbnail","hentry","category-comunicamos","category-noticias","tag-mae-lorena-tapia","xfolkentry"],"_links":{"self":[{"href":"https:\/\/www.ambienteyenergia.gob.ec\/ambiente\/wp-json\/wp\/v2\/posts\/22570","targetHints":{"allow":["GET"]}}],"collection":[{"href":"https:\/\/www.ambienteyenergia.gob.ec\/ambiente\/wp-json\/wp\/v2\/posts"}],"about":[{"href":"https:\/\/www.ambienteyenergia.gob.ec\/ambiente\/wp-json\/wp\/v2\/types\/post"}],"author":[{"embeddable":true,"href":"https:\/\/www.ambienteyenergia.gob.ec\/ambiente\/wp-json\/wp\/v2\/users\/13"}],"replies":[{"embeddable":true,"href":"https:\/\/www.ambienteyenergia.gob.ec\/ambiente\/wp-json\/wp\/v2\/comments?post=22570"}],"version-history":[{"count":0,"href":"https:\/\/www.ambienteyenergia.gob.ec\/ambiente\/wp-json\/wp\/v2\/posts\/22570\/revisions"}],"wp:featuredmedia":[{"embeddable":true,"href":"https:\/\/www.ambienteyenergia.gob.ec\/ambiente\/wp-json\/wp\/v2\/media\/22571"}],"wp:attachment":[{"href":"https:\/\/www.ambienteyenergia.gob.ec\/ambiente\/wp-json\/wp\/v2\/media?parent=22570"}],"wp:term":[{"taxonomy":"category","embeddable":true,"href":"https:\/\/www.ambienteyenergia.gob.ec\/ambiente\/wp-json\/wp\/v2\/categories?post=22570"},{"taxonomy":"post_tag","embeddable":true,"href":"https:\/\/www.ambienteyenergia.gob.ec\/ambiente\/wp-json\/wp\/v2\/tags?post=22570"}],"curies":[{"name":"wp","href":"https:\/\/api.w.org\/{rel}","templated":true}]}}