{"id":22567,"date":"2014-09-22T20:55:53","date_gmt":"2014-09-23T01:55:53","guid":{"rendered":"http:\/\/www.ambiente.gob.ec\/?p=22567"},"modified":"2014-09-23T09:13:19","modified_gmt":"2014-09-23T14:13:19","slug":"ministra-lorena-tapia-participa-en-conversatorio-con-lideres-mundiales-sobre-cambio-climatico","status":"publish","type":"post","link":"https:\/\/www.ambienteyenergia.gob.ec\/ambiente\/ministra-lorena-tapia-participa-en-conversatorio-con-lideres-mundiales-sobre-cambio-climatico\/","title":{"rendered":"Ministra Lorena Tapia participa en conversatorio con l\u00edderes mundiales sobre cambio clim\u00e1tico"},"content":{"rendered":"<p style=\"text-align: justify;\">En el marco del desarrollo de la\u00a0 Cumbre Clim\u00e1tica de las Naciones Unidas, la Ministra del Ambiente, Lorena Tapia, como m\u00e1xima representante del Gobierno Nacional, particip\u00f3 hoy de una reuni\u00f3n con lideres y cient\u00edficos sobre cambio clim\u00e1tico, con el objetivo de determinar metodolog\u00edas de trabajo a desarrollar como parte de una estrategia mundial para disminuir el cambio clim\u00e1tico y sus efectos en el planeta y las propuestas comunes para las futuras COPS que se realizaran en Per\u00fa y Francia del 2014 y 2015, respectivamente.<\/p>\n<p style=\"text-align: justify;\">\u201cLos pa\u00edses desarrollados no s\u00f3lo deber\u00e1n realizar acciones en base a la deforestaci\u00f3n y las emisiones en los bosques tropicales, sino en mirar hacia el clima, los efectos en el cambio de los suelos, y acelerar el proceso que de un gran respiro al planeta que cada vez m\u00e1s necesita de nosotros\u201d, mencion\u00f3\u00a0Jeffrey Sachs, Director del\u00a0<em>Earth Institute<\/em>\u00a0del la Universidad de Columbia.<\/p>\n<p style=\"text-align: justify;\">Agreg\u00f3 que uno de los modelos de desarrollo actual no solo contribuyen a los efectos del cambio clim\u00e1tico, sino que representan un efecto adverso a las econom\u00edas emergentes como la de nuestro pa\u00eds, que ha desarrollado diferentes planes y proyectos que trabajan desde las fuentes vulnerables. Es necesario voltear la mirada a los ejemplos, que se desarrollan a nivel mundial, sobre la reducci\u00f3n de emisiones y modelos de impacto de informes de IPCC que se miden en t\u00e9rminos de agricultura, suelos, salud p\u00fablica.<\/p>\n<p style=\"text-align: justify;\">Se necesitan m\u00e1s argumentos del mundo cient\u00edfico para considerar los efectos de cambio clim\u00e1tico. Es necesario conocer las capacidades tecnol\u00f3gicas para enfrentar los efectos, conocer las mejores maneras de disminuci\u00f3n de carbono, dise\u00f1o de pol\u00edticas p\u00fablicas efectivas. La energ\u00eda con carb\u00f3n se ve a\u00fan como una alternativa.<\/p>\n<p style=\"text-align: justify;\">Otro de los temas tratados se relaciona con la transferencia de tecnolog\u00eda, soporte financiero sin la clave para combatir el cambio clim\u00e1tico. A pesar de las inversiones en energ\u00edas renovables a\u00fan es mayor la inversi\u00f3n en combustibles f\u00f3siles, en pa\u00edses industrializados en donde a\u00fan conservan una sociedad en base a consumo de combustibles f\u00f3siles, lo que no permite que iniciativas energ\u00e9ticas alternativas desplieguen su verdadero potencial.<\/p>\n<p style=\"text-align: justify;\">En el marco de esta exposici\u00f3n, es necesario recalcar que a pesar de que las emisiones del Ecuador representan el 0.01% mundial, el pa\u00eds est\u00e1 implementando acciones de mitigaci\u00f3n en el sector de la generaci\u00f3n el\u00e9ctrica, incluyendo un programa de cocci\u00f3n eficiente para reemplazar el gas licuado de petr\u00f3leo\u00a0 de uso residencial por energ\u00eda hidroel\u00e9ctrica mediante la promoci\u00f3n de tecnolog\u00edas limpias a nivel nacional. Adem\u00e1s, el Ecuador trabaja\u00a0en la construcci\u00f3n y funcionamiento de ocho proyectos emblem\u00e1ticos de generaci\u00f3n hidroel\u00e9ctrica que estar\u00e1n listos hasta el 2017, con una potencia total instalada de 2827,2 megavatios cuya implementaci\u00f3n a nivel nacional representa una inversi\u00f3n evidente en el desarrollo sostenible y mitigaci\u00f3n del cambio clim\u00e1tico.<\/p>\n","protected":false},"excerpt":{"rendered":"<p class=\"excerpt\">En el marco del desarrollo de la\u00a0 Cumbre Clim\u00e1tica de las Naciones Unidas, la Ministra del Ambiente, Lorena Tapia, como m\u00e1xima representante del Gobierno Nacional, particip\u00f3 hoy de una reuni\u00f3n con lideres y cient\u00edficos sobre cambio clim\u00e1tico, con el objetivo de determinar metodolog\u00edas de trabajo a desarrollar como parte de una estrategia mundial para disminuir el cambio clim\u00e1tico y sus&hellip; <a href=\"https:\/\/www.ambienteyenergia.gob.ec\/ambiente\/ministra-lorena-tapia-participa-en-conversatorio-con-lideres-mundiales-sobre-cambio-climatico\/\">Read more &rarr;<\/a><\/p>\n","protected":false},"author":13,"featured_media":22569,"comment_status":"open","ping_status":"open","sticky":false,"template":"","format":"standard","meta":{"footnotes":""},"categories":[16,4],"tags":[387],"class_list":["post-22567","post","type-post","status-publish","format-standard","has-post-thumbnail","hentry","category-comunicamos","category-noticias","tag-mae-lorena-tapia","xfolkentry"],"_links":{"self":[{"href":"https:\/\/www.ambienteyenergia.gob.ec\/ambiente\/wp-json\/wp\/v2\/posts\/22567","targetHints":{"allow":["GET"]}}],"collection":[{"href":"https:\/\/www.ambienteyenergia.gob.ec\/ambiente\/wp-json\/wp\/v2\/posts"}],"about":[{"href":"https:\/\/www.ambienteyenergia.gob.ec\/ambiente\/wp-json\/wp\/v2\/types\/post"}],"author":[{"embeddable":true,"href":"https:\/\/www.ambienteyenergia.gob.ec\/ambiente\/wp-json\/wp\/v2\/users\/13"}],"replies":[{"embeddable":true,"href":"https:\/\/www.ambienteyenergia.gob.ec\/ambiente\/wp-json\/wp\/v2\/comments?post=22567"}],"version-history":[{"count":0,"href":"https:\/\/www.ambienteyenergia.gob.ec\/ambiente\/wp-json\/wp\/v2\/posts\/22567\/revisions"}],"wp:featuredmedia":[{"embeddable":true,"href":"https:\/\/www.ambienteyenergia.gob.ec\/ambiente\/wp-json\/wp\/v2\/media\/22569"}],"wp:attachment":[{"href":"https:\/\/www.ambienteyenergia.gob.ec\/ambiente\/wp-json\/wp\/v2\/media?parent=22567"}],"wp:term":[{"taxonomy":"category","embeddable":true,"href":"https:\/\/www.ambienteyenergia.gob.ec\/ambiente\/wp-json\/wp\/v2\/categories?post=22567"},{"taxonomy":"post_tag","embeddable":true,"href":"https:\/\/www.ambienteyenergia.gob.ec\/ambiente\/wp-json\/wp\/v2\/tags?post=22567"}],"curies":[{"name":"wp","href":"https:\/\/api.w.org\/{rel}","templated":true}]}}