{"id":22556,"date":"2014-09-22T17:03:16","date_gmt":"2014-09-22T22:03:16","guid":{"rendered":"http:\/\/www.ambiente.gob.ec\/?p=22556"},"modified":"2014-09-22T17:03:25","modified_gmt":"2014-09-22T22:03:25","slug":"ministra-lorena-tapia-fortalece-cooperacion-internacional-en-materia-ambiental","status":"publish","type":"post","link":"https:\/\/www.ambienteyenergia.gob.ec\/ambiente\/ministra-lorena-tapia-fortalece-cooperacion-internacional-en-materia-ambiental\/","title":{"rendered":"Ministra Lorena Tapia fortalece cooperaci\u00f3n internacional en materia ambiental"},"content":{"rendered":"<p style=\"color: #000000;\">En el marco de su visita a Estados Unidos, la Ministra del Ambiente de Ecuador, Lorena Tapia, particip\u00f3 de varias reuniones de trabajo junto a su delegaci\u00f3n que visita los Estados Unidos, en el marco de la Cumbre Clim\u00e1tica de las Naciones Unidas.<\/p>\n<p style=\"color: #000000;\" align=\"justify\">En horas de la\u00a0<span id=\"OBJ_PREFIX_DWT1075_com_zimbra_date\" class=\"Object\" style=\"color: #00008b;\">ma\u00f1ana<\/span>, la M\u00e1xima Autoridad Ambiental se reuni\u00f3 con varios representantes del departamento de Estado de la naci\u00f3n norteamericana, en Washington DC, con el objetivo de exponer sobre las experiencia de Ecuador con relaci\u00f3n a los programas y proyectos que se ejecutan para contrarrestar los efectos del cambio clim\u00e1tico, as\u00ed como para combatir este fen\u00f3meno mundial.<\/p>\n<p style=\"color: #000000;\" align=\"justify\">En este contexto, la Ministra Tapia enfatiz\u00f3 sobre la labor que ha emprendido el Gobierno de la Revoluci\u00f3n Ciudadana en materia de cambio clim\u00e1tico, desarrollando varias estrategias de referente mundial, como el cambio de la matriz productiva que tiene como finalidad disminuir el consumo de energ\u00edas f\u00f3siles e incentivar el uso de energ\u00edas renovables.<\/p>\n<p style=\"color: #000000;\" align=\"justify\">Adicionalmente, en una reuni\u00f3n con la Agencia de Protecci\u00f3n Ambiental (EPA, por sus siglas en ingl\u00e9s) de los Estados Unidos la Ministra del Ambiente realiz\u00f3 una solicitud formal al m\u00e1ximo representante de esta instituci\u00f3n con el fin de compartir informaci\u00f3n sobre las acciones que se llevan a cabo en relaci\u00f3n a fiscalizaci\u00f3n ambiental derechos de la naturaleza, justicia ambiental, entre otros y as\u00ed definir acciones concretas de trabajo conjunto.<\/p>\n<p style=\"color: #000000;\" align=\"justify\">En horas de la tarde, la autoridad ambiental nacional mantuvo una reuni\u00f3n con el jefe del servicio forestal de Estados Unidos, quien agradeci\u00f3 a la se\u00f1ora Ministra por las acciones y el compromiso del Ecuador para tratar los problemas de mundo desde el \u00e1mbito local que tienen como objetivo el que m\u00e1s pa\u00edses se sumen a esta causa en beneficio del patrimonio natural mundial y de la humanidad.<\/p>\n<p style=\"color: #000000;\" align=\"justify\">En este sentido, la ministra Lorena Tapia reconoci\u00f3 el trabajo que se ha realizado entre las dos naciones con el compromiso de impulsar las actividades de trasferencia de tecnolog\u00eda, conocimientos y fortalecimiento del talento humano para la unidad de monitoreo del patrimonio natural del Ecuador, sistemas de control de incendios forestales y la posibilidad de abrir nuevas l\u00edneas de cooperaci\u00f3n para la gesti\u00f3n de \u00e1reas protegidas y manejo sustentable de los bosques.<\/p>\n<p style=\"color: #000000;\" align=\"justify\">Para cerrar la jornada, su mantuvo una reuni\u00f3n con el m\u00e1ximo representante del Banco Mundial, en la que se discuti\u00f3 sobre proyectos de cambio clim\u00e1tico en el marco del Fondo Mundial para el Medio Ambiente y el establecimiento de mecanismos financieros innovadores para la mitigaci\u00f3n y adaptaci\u00f3n del cambio clim\u00e1tico, as\u00ed como su participaci\u00f3n como entidad involucrada en la implementaci\u00f3n del mecanismo financiero de cambio clim\u00e1tico.<\/p>\n<p>&nbsp;<\/p>\n","protected":false},"excerpt":{"rendered":"<p class=\"excerpt\">En el marco de su visita a Estados Unidos, la Ministra del Ambiente de Ecuador, Lorena Tapia, particip\u00f3 de varias reuniones de trabajo junto a su delegaci\u00f3n que visita los Estados Unidos, en el marco de la Cumbre Clim\u00e1tica de las Naciones Unidas. En horas de la\u00a0ma\u00f1ana, la M\u00e1xima Autoridad Ambiental se reuni\u00f3 con varios representantes del departamento de Estado&hellip; <a href=\"https:\/\/www.ambienteyenergia.gob.ec\/ambiente\/ministra-lorena-tapia-fortalece-cooperacion-internacional-en-materia-ambiental\/\">Read more &rarr;<\/a><\/p>\n","protected":false},"author":13,"featured_media":22560,"comment_status":"open","ping_status":"open","sticky":false,"template":"","format":"standard","meta":{"footnotes":""},"categories":[16,4],"tags":[387],"class_list":["post-22556","post","type-post","status-publish","format-standard","has-post-thumbnail","hentry","category-comunicamos","category-noticias","tag-mae-lorena-tapia","xfolkentry"],"_links":{"self":[{"href":"https:\/\/www.ambienteyenergia.gob.ec\/ambiente\/wp-json\/wp\/v2\/posts\/22556","targetHints":{"allow":["GET"]}}],"collection":[{"href":"https:\/\/www.ambienteyenergia.gob.ec\/ambiente\/wp-json\/wp\/v2\/posts"}],"about":[{"href":"https:\/\/www.ambienteyenergia.gob.ec\/ambiente\/wp-json\/wp\/v2\/types\/post"}],"author":[{"embeddable":true,"href":"https:\/\/www.ambienteyenergia.gob.ec\/ambiente\/wp-json\/wp\/v2\/users\/13"}],"replies":[{"embeddable":true,"href":"https:\/\/www.ambienteyenergia.gob.ec\/ambiente\/wp-json\/wp\/v2\/comments?post=22556"}],"version-history":[{"count":0,"href":"https:\/\/www.ambienteyenergia.gob.ec\/ambiente\/wp-json\/wp\/v2\/posts\/22556\/revisions"}],"wp:featuredmedia":[{"embeddable":true,"href":"https:\/\/www.ambienteyenergia.gob.ec\/ambiente\/wp-json\/wp\/v2\/media\/22560"}],"wp:attachment":[{"href":"https:\/\/www.ambienteyenergia.gob.ec\/ambiente\/wp-json\/wp\/v2\/media?parent=22556"}],"wp:term":[{"taxonomy":"category","embeddable":true,"href":"https:\/\/www.ambienteyenergia.gob.ec\/ambiente\/wp-json\/wp\/v2\/categories?post=22556"},{"taxonomy":"post_tag","embeddable":true,"href":"https:\/\/www.ambienteyenergia.gob.ec\/ambiente\/wp-json\/wp\/v2\/tags?post=22556"}],"curies":[{"name":"wp","href":"https:\/\/api.w.org\/{rel}","templated":true}]}}