{"id":22540,"date":"2014-09-22T13:23:06","date_gmt":"2014-09-22T18:23:06","guid":{"rendered":"http:\/\/www.ambiente.gob.ec\/?p=22540"},"modified":"2014-09-22T13:23:06","modified_gmt":"2014-09-22T18:23:06","slug":"mae-y-giz-capacita-sobre-aplicacion-de-lineamientos-generales-para-planes-programas-y-estrategias-de-cambio-climatico","status":"publish","type":"post","link":"https:\/\/www.ambienteyenergia.gob.ec\/ambiente\/mae-y-giz-capacita-sobre-aplicacion-de-lineamientos-generales-para-planes-programas-y-estrategias-de-cambio-climatico\/","title":{"rendered":"MAE y GIZ capacita sobre aplicaci\u00f3n de Lineamientos Generales para Planes, Programas y Estrategias de Cambio Clim\u00e1tico"},"content":{"rendered":"<p style=\"text-align: justify;\">Con la finalidad de promover la pol\u00edtica ambiental, el Ministerio del Ambiente (MAE), en d\u00edas pasados capacit\u00f3 a funcionarios de varios proyectos y de Organizaciones No Gubernamentales (ONG), en el uso de la Gu\u00eda Explicativa para la aplicaci\u00f3n de los Lineamientos Generales para Planes, Programas y Estrategias de Cambio Clim\u00e1tico de Gobiernos Aut\u00f3nomos Descentralizados (GAD), por medio de t\u00e9cnicos del proyecto Gesti\u00f3n de la Adaptaci\u00f3n al Cambio Clim\u00e1tico para Disminuir la Vulnerabilidad Social, Econ\u00f3mica y Ambiental (GACC)<\/p>\n<p style=\"text-align: justify;\">El taller que cont\u00f3 con el apoyo de la Cooperaci\u00f3n T\u00e9cnica Alemana (GIZ, por sus siglas en alem\u00e1n), busca el apoyo de las ONG y de las diferentes direcciones provinciales del MAE para la incorporaci\u00f3n de lineamientos de cambio clim\u00e1tico en los GAD. Para lograrlo, se trabaj\u00f3 con grupos de trabajo que desarrollaron paso a paso la metodolog\u00eda que contiene la Gu\u00eda Explicativa.<\/p>\n<p style=\"text-align: justify;\"><strong>Participaron: <\/strong>Fondo Mundial para la Naturaleza (WWF, por sus siglas en ingl\u00e9s), Fortalecimiento de la resiliencia de las comunidades a los efectos adversos del cambio clim\u00e1tico con \u00e9nfasis en seguridad alimentaria en la provincia de Pichincha y la cuenca del r\u00edo Jubones (FORECCSA), Consorcio de Gobiernos Aut\u00f3nomos Provinciales (CONGOPE), Proyecto de Adaptaci\u00f3n al Cambio Clim\u00e1tico a trav\u00e9s de una efectiva gobernabilidad del agua (PACC), INTERCOOPERATION-AL, Conservaci\u00f3n Internacional, Corporaci\u00f3n para la investigaci\u00f3n, capacitaci\u00f3n y apoyo t\u00e9cnico para el manejo sustentable de los ecosistemas tropicales (ECOPAR), Centro Internacional para la Investigaci\u00f3n del Fen\u00f3meno del Ni\u00f1o (CIIFEN), Programa de las Naciones Unidas para los Asentamientos Humanos (ONU-HABITAT), Consorcio para el Desarrollo Sostenible de la Ecorregi\u00f3n Andina (CONDESAN), CARE, GIZ.<\/p>\n<p style=\"text-align: justify;\">\n","protected":false},"excerpt":{"rendered":"<p class=\"excerpt\">Con la finalidad de promover la pol\u00edtica ambiental, el Ministerio del Ambiente (MAE), en d\u00edas pasados capacit\u00f3 a funcionarios de varios proyectos y de Organizaciones No Gubernamentales (ONG), en el uso de la Gu\u00eda Explicativa para la aplicaci\u00f3n de los Lineamientos Generales para Planes, Programas y Estrategias de Cambio Clim\u00e1tico de Gobiernos Aut\u00f3nomos Descentralizados (GAD), por medio de t\u00e9cnicos del&hellip; <a href=\"https:\/\/www.ambienteyenergia.gob.ec\/ambiente\/mae-y-giz-capacita-sobre-aplicacion-de-lineamientos-generales-para-planes-programas-y-estrategias-de-cambio-climatico\/\">Read more &rarr;<\/a><\/p>\n","protected":false},"author":13,"featured_media":22541,"comment_status":"open","ping_status":"open","sticky":false,"template":"","format":"standard","meta":{"footnotes":""},"categories":[16,4],"tags":[387],"class_list":["post-22540","post","type-post","status-publish","format-standard","has-post-thumbnail","hentry","category-comunicamos","category-noticias","tag-mae-lorena-tapia","xfolkentry"],"_links":{"self":[{"href":"https:\/\/www.ambienteyenergia.gob.ec\/ambiente\/wp-json\/wp\/v2\/posts\/22540","targetHints":{"allow":["GET"]}}],"collection":[{"href":"https:\/\/www.ambienteyenergia.gob.ec\/ambiente\/wp-json\/wp\/v2\/posts"}],"about":[{"href":"https:\/\/www.ambienteyenergia.gob.ec\/ambiente\/wp-json\/wp\/v2\/types\/post"}],"author":[{"embeddable":true,"href":"https:\/\/www.ambienteyenergia.gob.ec\/ambiente\/wp-json\/wp\/v2\/users\/13"}],"replies":[{"embeddable":true,"href":"https:\/\/www.ambienteyenergia.gob.ec\/ambiente\/wp-json\/wp\/v2\/comments?post=22540"}],"version-history":[{"count":0,"href":"https:\/\/www.ambienteyenergia.gob.ec\/ambiente\/wp-json\/wp\/v2\/posts\/22540\/revisions"}],"wp:featuredmedia":[{"embeddable":true,"href":"https:\/\/www.ambienteyenergia.gob.ec\/ambiente\/wp-json\/wp\/v2\/media\/22541"}],"wp:attachment":[{"href":"https:\/\/www.ambienteyenergia.gob.ec\/ambiente\/wp-json\/wp\/v2\/media?parent=22540"}],"wp:term":[{"taxonomy":"category","embeddable":true,"href":"https:\/\/www.ambienteyenergia.gob.ec\/ambiente\/wp-json\/wp\/v2\/categories?post=22540"},{"taxonomy":"post_tag","embeddable":true,"href":"https:\/\/www.ambienteyenergia.gob.ec\/ambiente\/wp-json\/wp\/v2\/tags?post=22540"}],"curies":[{"name":"wp","href":"https:\/\/api.w.org\/{rel}","templated":true}]}}