{"id":22533,"date":"2014-09-22T10:50:28","date_gmt":"2014-09-22T15:50:28","guid":{"rendered":"http:\/\/www.ambiente.gob.ec\/?p=22533"},"modified":"2014-09-22T10:50:28","modified_gmt":"2014-09-22T15:50:28","slug":"mae-desarrollara-dos-simposios-de-vida-silvestre-en-la-ciudad-de-quito","status":"publish","type":"post","link":"https:\/\/www.ambienteyenergia.gob.ec\/ambiente\/mae-desarrollara-dos-simposios-de-vida-silvestre-en-la-ciudad-de-quito\/","title":{"rendered":"MAE desarrollar\u00e1 dos simposios de vida silvestre en la ciudad de Quito"},"content":{"rendered":"<p style=\"text-align: justify;\">El Ministerio del Ambiente de Ecuador (MAE), a trav\u00e9s de la Direcci\u00f3n Nacional de Biodiversidad, realizar\u00e1\u00a0 el 1er Simposio Nacional sobre Conflicto Gente \u2013 Fauna Silvestre, y el 1er Simposio\u00a0 sobre Tr\u00e1fico de vida silvestre, del 25 al 26 de septiembre en el ciudad de Quito, con el fin de contribuir a la creaci\u00f3n de espacios de discusi\u00f3n e intercambio de experiencias sobre vida silvestre.<\/p>\n<p style=\"text-align: justify;\">Esta jornada de trabajo se efect\u00faa en el marco del Proyecto \u201cDesarrollo de Enfoques de Manejo de Paisajes en el Sistema Nacional de \u00c1reas Protegidas del Ecuador para mejorar la\u00a0 Conservaci\u00f3n de la Vida Silvestre en Peligro de Extinci\u00f3n Mundial\u201d, que promueve la conservaci\u00f3n de la vida silvestre amenazada dentro y fuera de las \u00e1reas protegidas, y se alinea acorde a los objetivos del Plan Nacional del Buen Vivir que garantiza los derechos de la naturaleza y promueve un ambiente sano y sostenible.<\/p>\n<p style=\"text-align: justify;\">Este Proyecto es ejecutado por el Ministerio del Ambiente, con la colaboraci\u00f3n del Programa de Naciones Unidas para el Desarrollo (PNUD), la Agencia de Cooperaci\u00f3n Alemana para el Desarrollo (GIZ) y como socio estrat\u00e9gico Wildlife Conservation Society (WCS).<\/p>\n<p style=\"text-align: justify;\">\nEl objetivo primordial de estos eventos es crear espacios de intercambio de experiencias y conocimientos de los diferentes actores que se encuentren vinculados a temas de conflicto ambiental y conservaci\u00f3n de vida silvestre.<\/p>\n<p style=\"text-align: justify;\">\nRepresentantes y t\u00e9cnicos de Ministerios del ramo, Organizaciones No Gubernamentales (ONG), Asociaciones y Cooperaci\u00f3n Internacional ser\u00e1n los encargados de capacitar a los participantes en temas sobre vida silvestre, en relaci\u00f3n a conflictos, amenazas y soluciones con el fin de contribuir a la experiencia en el trabajo en espacios naturales.<\/p>\n<p style=\"text-align: justify;\">\nSi desea participar en los mencionados eventos, deber\u00e1 enviar un correo electr\u00f3nico a\u00a0 ana.iglesias@ambiente.gob.ec, indicando su inter\u00e9s en participar, nombre completo, instituci\u00f3n y\/o Universidad a la que representa. Posterior a esto le llegar\u00e1 un correo de\u00a0 confirmaci\u00f3n de su participaci\u00f3n.<\/p>\n<p style=\"text-align: justify;\"><a href=\"http:\/\/www.ambienteyenergia.gob.ec\/ambiente\/wp-content\/uploads\/2014\/09\/Invitacion-I-Simposio-sobre-el-Tra\u0301fico-de-Vida-Silvestre-1-1.jpg\"><img loading=\"lazy\" decoding=\"async\" class=\"aligncenter size-large wp-image-22535\" src=\"http:\/\/www.ambienteyenergia.gob.ec\/ambiente\/wp-content\/uploads\/2014\/09\/Invitacion-I-Simposio-sobre-el-Tra\u0301fico-de-Vida-Silvestre-1-1-1024x722.jpg\" alt=\"Invitacion reforestacion\" width=\"584\" height=\"411\" srcset=\"https:\/\/www.ambienteyenergia.gob.ec\/ambiente\/wp-content\/uploads\/sites\/2\/2014\/09\/Invitacion-I-Simposio-sobre-el-Tra\u0301fico-de-Vida-Silvestre-1-1-1024x722.jpg 1024w, https:\/\/www.ambienteyenergia.gob.ec\/ambiente\/wp-content\/uploads\/sites\/2\/2014\/09\/Invitacion-I-Simposio-sobre-el-Tra\u0301fico-de-Vida-Silvestre-1-1-300x211.jpg 300w, https:\/\/www.ambienteyenergia.gob.ec\/ambiente\/wp-content\/uploads\/sites\/2\/2014\/09\/Invitacion-I-Simposio-sobre-el-Tra\u0301fico-de-Vida-Silvestre-1-1-425x300.jpg 425w, https:\/\/www.ambienteyenergia.gob.ec\/ambiente\/wp-content\/uploads\/sites\/2\/2014\/09\/Invitacion-I-Simposio-sobre-el-Tra\u0301fico-de-Vida-Silvestre-1-1.jpg 1063w\" sizes=\"auto, (max-width: 584px) 100vw, 584px\" \/><\/a><\/p>\n","protected":false},"excerpt":{"rendered":"<p class=\"excerpt\">El Ministerio del Ambiente de Ecuador (MAE), a trav\u00e9s de la Direcci\u00f3n Nacional de Biodiversidad, realizar\u00e1\u00a0 el 1er Simposio Nacional sobre Conflicto Gente \u2013 Fauna Silvestre, y el 1er Simposio\u00a0 sobre Tr\u00e1fico de vida silvestre, del 25 al 26 de septiembre en el ciudad de Quito, con el fin de contribuir a la creaci\u00f3n de espacios de discusi\u00f3n e intercambio&hellip; <a href=\"https:\/\/www.ambienteyenergia.gob.ec\/ambiente\/mae-desarrollara-dos-simposios-de-vida-silvestre-en-la-ciudad-de-quito\/\">Read more &rarr;<\/a><\/p>\n","protected":false},"author":13,"featured_media":22534,"comment_status":"open","ping_status":"open","sticky":false,"template":"","format":"standard","meta":{"footnotes":""},"categories":[16,4],"tags":[],"class_list":["post-22533","post","type-post","status-publish","format-standard","has-post-thumbnail","hentry","category-comunicamos","category-noticias","xfolkentry"],"_links":{"self":[{"href":"https:\/\/www.ambienteyenergia.gob.ec\/ambiente\/wp-json\/wp\/v2\/posts\/22533","targetHints":{"allow":["GET"]}}],"collection":[{"href":"https:\/\/www.ambienteyenergia.gob.ec\/ambiente\/wp-json\/wp\/v2\/posts"}],"about":[{"href":"https:\/\/www.ambienteyenergia.gob.ec\/ambiente\/wp-json\/wp\/v2\/types\/post"}],"author":[{"embeddable":true,"href":"https:\/\/www.ambienteyenergia.gob.ec\/ambiente\/wp-json\/wp\/v2\/users\/13"}],"replies":[{"embeddable":true,"href":"https:\/\/www.ambienteyenergia.gob.ec\/ambiente\/wp-json\/wp\/v2\/comments?post=22533"}],"version-history":[{"count":0,"href":"https:\/\/www.ambienteyenergia.gob.ec\/ambiente\/wp-json\/wp\/v2\/posts\/22533\/revisions"}],"wp:featuredmedia":[{"embeddable":true,"href":"https:\/\/www.ambienteyenergia.gob.ec\/ambiente\/wp-json\/wp\/v2\/media\/22534"}],"wp:attachment":[{"href":"https:\/\/www.ambienteyenergia.gob.ec\/ambiente\/wp-json\/wp\/v2\/media?parent=22533"}],"wp:term":[{"taxonomy":"category","embeddable":true,"href":"https:\/\/www.ambienteyenergia.gob.ec\/ambiente\/wp-json\/wp\/v2\/categories?post=22533"},{"taxonomy":"post_tag","embeddable":true,"href":"https:\/\/www.ambienteyenergia.gob.ec\/ambiente\/wp-json\/wp\/v2\/tags?post=22533"}],"curies":[{"name":"wp","href":"https:\/\/api.w.org\/{rel}","templated":true}]}}