{"id":22529,"date":"2014-09-22T09:32:35","date_gmt":"2014-09-22T14:32:35","guid":{"rendered":"http:\/\/www.ambiente.gob.ec\/?p=22529"},"modified":"2014-09-22T09:32:35","modified_gmt":"2014-09-22T14:32:35","slug":"ecuador-pais-anfitrion-para-la-xi-conferencia-de-las-partes-de-la-convencion-sobre-la-conservacion-de-las-especies-migratorias-de-animales-silvestres","status":"publish","type":"post","link":"https:\/\/www.ambienteyenergia.gob.ec\/ambiente\/ecuador-pais-anfitrion-para-la-xi-conferencia-de-las-partes-de-la-convencion-sobre-la-conservacion-de-las-especies-migratorias-de-animales-silvestres\/","title":{"rendered":"Ecuador, pa\u00eds anfitri\u00f3n para la XI Conferencia de las Partes de la Convenci\u00f3n sobre la Conservaci\u00f3n de las Especies Migratorias de Animales Silvestres"},"content":{"rendered":"<p style=\"text-align: justify;\">La Convenci\u00f3n sobre la Conservaci\u00f3n de las Especies Migratorias de Animales Silvestres (CMS) es un tratado internacional del Programa de las Naciones Unidas para la Protecci\u00f3n del Ambiente, cuyo objetivo es ofrecer las condiciones que aseguren la supervivencia de las especies migratorias y sus h\u00e1bitats. Ecuador es signatario de la CMS desde 2004. La Conferencia de las Partes (COP por sus siglas en ingl\u00e9s) es el \u00f3rgano por el cual los estados signatarios se re\u00fanen para decidir sobre el futuro de las especies migratorias y ocurre cada tres a\u00f1os.<\/p>\n<p>En noviembre de 2013, en una reuni\u00f3n del Comit\u00e9 Permanente de la CMS en Bonn, Alemania se analiz\u00f3 la candidatura para la realizaci\u00f3n de la COP 2014, siendo Ecuador y Filipinas los pa\u00edses postulados para acoger esta Conferencia Mundial.<\/p>\n<p>Ecuador por su riqueza en especies migratorias e inclusi\u00f3n de los derechos de la naturaleza, fue elegido para ser el pa\u00eds anfitri\u00f3n de la D\u00e9cima Primera Conferencia de las Partes, que se celebrar\u00e1 del 2 al 9 noviembre de 2014 en la ciudad de Quito, en el Centro de Convenciones Quorum del Paseo San Francisco.<\/p>\n<p>Esta Convenci\u00f3n del Programa de Naciones Unidas para el Medio Ambiente (PNUMA), congrega a 119 pa\u00edses signatarios de todo el mundo.<\/p>\n<p>Se espera la asistencia de 600 personas de los pa\u00edses miembros, pa\u00edses no miembros, Organizaciones No Gubernamentales (ONG) Internacionales y distintas autoridades. La Conferencia es de car\u00e1cter t\u00e9cnico, sin embargo se ha otorgado una gran importancia dado que es la primera Conferencia de las Partes de esta Convenci\u00f3n, que se realiza en el Ecuador y en la Regi\u00f3n de Am\u00e9rica Latina y El Caribe.<\/p>\n<p>Adem\u00e1s contar\u00e1 con un Segmento Ministerial de Alto Nivel, motivo por el cual, es de suma importancia destacar los esfuerzos realizados por el pa\u00eds en cuanto a la conservaci\u00f3n de la biodiversidad y cuidado de las especies migratorias.<\/p>\n<p>La COP 11 tambi\u00e9n es una gran ventana al mundo, que permitir\u00e1 a los visitantes reconocer al Ecuador como uno de los pa\u00edses m\u00e1s megadiversos del planeta, que a m\u00e1s de estar ubicado en el Centro del Mundo, cuenta con un clima privilegiado e impresionantes paisajes, los cuales podr\u00e1n disfrutar.<\/p>\n","protected":false},"excerpt":{"rendered":"<p class=\"excerpt\">La Convenci\u00f3n sobre la Conservaci\u00f3n de las Especies Migratorias de Animales Silvestres (CMS) es un tratado internacional del Programa de las Naciones Unidas para la Protecci\u00f3n del Ambiente, cuyo objetivo es ofrecer las condiciones que aseguren la supervivencia de las especies migratorias y sus h\u00e1bitats. Ecuador es signatario de la CMS desde 2004. La Conferencia de las Partes (COP por&hellip; <a href=\"https:\/\/www.ambienteyenergia.gob.ec\/ambiente\/ecuador-pais-anfitrion-para-la-xi-conferencia-de-las-partes-de-la-convencion-sobre-la-conservacion-de-las-especies-migratorias-de-animales-silvestres\/\">Read more &rarr;<\/a><\/p>\n","protected":false},"author":13,"featured_media":22352,"comment_status":"open","ping_status":"open","sticky":false,"template":"","format":"standard","meta":{"footnotes":""},"categories":[16,4],"tags":[],"class_list":["post-22529","post","type-post","status-publish","format-standard","has-post-thumbnail","hentry","category-comunicamos","category-noticias","xfolkentry"],"_links":{"self":[{"href":"https:\/\/www.ambienteyenergia.gob.ec\/ambiente\/wp-json\/wp\/v2\/posts\/22529","targetHints":{"allow":["GET"]}}],"collection":[{"href":"https:\/\/www.ambienteyenergia.gob.ec\/ambiente\/wp-json\/wp\/v2\/posts"}],"about":[{"href":"https:\/\/www.ambienteyenergia.gob.ec\/ambiente\/wp-json\/wp\/v2\/types\/post"}],"author":[{"embeddable":true,"href":"https:\/\/www.ambienteyenergia.gob.ec\/ambiente\/wp-json\/wp\/v2\/users\/13"}],"replies":[{"embeddable":true,"href":"https:\/\/www.ambienteyenergia.gob.ec\/ambiente\/wp-json\/wp\/v2\/comments?post=22529"}],"version-history":[{"count":0,"href":"https:\/\/www.ambienteyenergia.gob.ec\/ambiente\/wp-json\/wp\/v2\/posts\/22529\/revisions"}],"wp:featuredmedia":[{"embeddable":true,"href":"https:\/\/www.ambienteyenergia.gob.ec\/ambiente\/wp-json\/wp\/v2\/media\/22352"}],"wp:attachment":[{"href":"https:\/\/www.ambienteyenergia.gob.ec\/ambiente\/wp-json\/wp\/v2\/media?parent=22529"}],"wp:term":[{"taxonomy":"category","embeddable":true,"href":"https:\/\/www.ambienteyenergia.gob.ec\/ambiente\/wp-json\/wp\/v2\/categories?post=22529"},{"taxonomy":"post_tag","embeddable":true,"href":"https:\/\/www.ambienteyenergia.gob.ec\/ambiente\/wp-json\/wp\/v2\/tags?post=22529"}],"curies":[{"name":"wp","href":"https:\/\/api.w.org\/{rel}","templated":true}]}}