{"id":22522,"date":"2014-09-22T08:45:14","date_gmt":"2014-09-22T13:45:14","guid":{"rendered":"http:\/\/www.ambiente.gob.ec\/?p=22522"},"modified":"2014-09-22T11:48:39","modified_gmt":"2014-09-22T16:48:39","slug":"mae-convoco-a-x-mesa-de-trabajo-redd","status":"publish","type":"post","link":"https:\/\/www.ambienteyenergia.gob.ec\/ambiente\/mae-convoco-a-x-mesa-de-trabajo-redd\/","title":{"rendered":"MAE convoc\u00f3 a X Mesa de Trabajo REDD+"},"content":{"rendered":"<p style=\"text-align: justify;\">El Ministerio del Ambiente de Ecuador (MAE), a trav\u00e9s de la Subsecretar\u00eda de Cambio Clim\u00e1tico, y con el apoyo t\u00e9cnico del Programa Nacional Conjunto ONU-REDD Ecuador, realiz\u00f3 el pasado jueves la X Reuni\u00f3n Ordinaria de la Mesa de Trabajo REDD+ (MdT) y la Reuni\u00f3n Ampliada de la Mesa de Trabajo REDD+ sobre el Sistema de Informaci\u00f3n de Salvaguardas.<\/p>\n<p>Las dos sesiones de trabajo de la MdT se organizaron de la siguiente manera: durante la ma\u00f1ana se socializ\u00f3 con los miembros de la MdT, y expertos invitados, la propuesta y el proceso de definici\u00f3n de un enfoque nacional para las salvaguardas de REDD+ y el Documento Metodol\u00f3gico para el Dise\u00f1o del Sistema de Informaci\u00f3n de Salvaguardas (SIS) para REDD+ en Ecuador. La sesi\u00f3n de la tarde, reuni\u00f3n ordinaria de la MdT, estuvo reservada para la presentaci\u00f3n de la rendici\u00f3n de cuentas del Programa Nacional Conjunto ONU-REDD Ecuador, con miras a su cierre operativo en el mes de diciembre de 2014.<\/p>\n<p>Para este evento fueron convocados\/as delegados\/as oficiales y alternos\/as de las organizaciones, instituciones o comunidades miembros de la MdT, ratificadas por la Secretar\u00eda T\u00e9cnica, as\u00ed como expertos en gesti\u00f3n de informaci\u00f3n social y ambiental como invitados para la sesi\u00f3n de la ma\u00f1ana sobre el SIS del Ecuador.<\/p>\n<p>Para mayor informaci\u00f3n puede comunicarse con Mar\u00eda del Carmen Garc\u00eda (maria.garcia@ambiente.gob.ec) o Fernanda Proa\u00f1o (fproano@pnc-onureddecuador.org).<\/p>\n","protected":false},"excerpt":{"rendered":"<p class=\"excerpt\">El Ministerio del Ambiente de Ecuador (MAE), a trav\u00e9s de la Subsecretar\u00eda de Cambio Clim\u00e1tico, y con el apoyo t\u00e9cnico del Programa Nacional Conjunto ONU-REDD Ecuador, realiz\u00f3 el pasado jueves la X Reuni\u00f3n Ordinaria de la Mesa de Trabajo REDD+ (MdT) y la Reuni\u00f3n Ampliada de la Mesa de Trabajo REDD+ sobre el Sistema de Informaci\u00f3n de Salvaguardas. Las dos&hellip; <a href=\"https:\/\/www.ambienteyenergia.gob.ec\/ambiente\/mae-convoco-a-x-mesa-de-trabajo-redd\/\">Read more &rarr;<\/a><\/p>\n","protected":false},"author":13,"featured_media":22523,"comment_status":"open","ping_status":"open","sticky":false,"template":"","format":"standard","meta":{"footnotes":""},"categories":[16,4],"tags":[],"class_list":["post-22522","post","type-post","status-publish","format-standard","has-post-thumbnail","hentry","category-comunicamos","category-noticias","xfolkentry"],"_links":{"self":[{"href":"https:\/\/www.ambienteyenergia.gob.ec\/ambiente\/wp-json\/wp\/v2\/posts\/22522","targetHints":{"allow":["GET"]}}],"collection":[{"href":"https:\/\/www.ambienteyenergia.gob.ec\/ambiente\/wp-json\/wp\/v2\/posts"}],"about":[{"href":"https:\/\/www.ambienteyenergia.gob.ec\/ambiente\/wp-json\/wp\/v2\/types\/post"}],"author":[{"embeddable":true,"href":"https:\/\/www.ambienteyenergia.gob.ec\/ambiente\/wp-json\/wp\/v2\/users\/13"}],"replies":[{"embeddable":true,"href":"https:\/\/www.ambienteyenergia.gob.ec\/ambiente\/wp-json\/wp\/v2\/comments?post=22522"}],"version-history":[{"count":0,"href":"https:\/\/www.ambienteyenergia.gob.ec\/ambiente\/wp-json\/wp\/v2\/posts\/22522\/revisions"}],"wp:featuredmedia":[{"embeddable":true,"href":"https:\/\/www.ambienteyenergia.gob.ec\/ambiente\/wp-json\/wp\/v2\/media\/22523"}],"wp:attachment":[{"href":"https:\/\/www.ambienteyenergia.gob.ec\/ambiente\/wp-json\/wp\/v2\/media?parent=22522"}],"wp:term":[{"taxonomy":"category","embeddable":true,"href":"https:\/\/www.ambienteyenergia.gob.ec\/ambiente\/wp-json\/wp\/v2\/categories?post=22522"},{"taxonomy":"post_tag","embeddable":true,"href":"https:\/\/www.ambienteyenergia.gob.ec\/ambiente\/wp-json\/wp\/v2\/tags?post=22522"}],"curies":[{"name":"wp","href":"https:\/\/api.w.org\/{rel}","templated":true}]}}