{"id":22512,"date":"2014-09-21T17:43:24","date_gmt":"2014-09-21T22:43:24","guid":{"rendered":"http:\/\/www.ambiente.gob.ec\/?p=22512"},"modified":"2014-09-22T08:29:43","modified_gmt":"2014-09-22T13:29:43","slug":"mae-no-descarta-que-solitario-george-retorne-a-galapagos","status":"publish","type":"post","link":"https:\/\/www.ambienteyenergia.gob.ec\/ambiente\/mae-no-descarta-que-solitario-george-retorne-a-galapagos\/","title":{"rendered":"MAE no descarta que Solitario George retorne a Gal\u00e1pagos"},"content":{"rendered":"<div style=\"color: #000000; text-align: justify;\"><em>En el archipi\u00e9lago no existe al momento un sitio con las condiciones id\u00f3neas para albergar tan importante esp\u00e9cimen. Se trabajar\u00e1 en esas adecuaciones<\/em><\/div>\n<div style=\"color: #000000; text-align: justify;\"><\/div>\n<div style=\"color: #000000; text-align: justify;\"><\/div>\n<div style=\"color: #000000; text-align: justify;\"><\/div>\n<div style=\"color: #000000; text-align: justify;\">El Ministerio del Ambiente, a trav\u00e9s de la Direcci\u00f3n del Parque Nacional Gal\u00e1pagos, no descarta que el cuerpo embalsamado del Solitario George regrese a su lugar de origen, es decir las islas Gal\u00e1pagos, sin embargo, aclara que mientras no se cuente con un sitio que tenga todas los requerimientos necesarios para preservarlo, \u00e9ste no podr\u00e1 retornar, dado que el objetivo principal de la autoridad ambiental es asegurar que su historia y legado perdure miles de a\u00f1os.<\/div>\n<div style=\"color: #000000; text-align: justify;\"><\/div>\n<div style=\"color: #000000; text-align: justify;\"><\/div>\n<div style=\"color: #000000; text-align: justify;\"><\/div>\n<div style=\"color: #000000; text-align: justify;\">Preservar el cuerpo embalsamado del Solitario George requiere condiciones especiales, tanto de humedad, temperatura, espacio f\u00edsico y seguridad, adem\u00e1s de los retoques anuales correspondientes realizados por los expertos.<\/div>\n<div style=\"color: #000000; text-align: justify;\"><\/div>\n<div style=\"color: #000000; text-align: justify;\"><\/div>\n<div style=\"color: #000000; text-align: justify;\"><\/div>\n<div style=\"color: #000000; text-align: justify;\">Al momento, en Gal\u00e1pagos no existe un sitio as\u00ed, por lo que basados en la informaci\u00f3n t\u00e9cnica se tom\u00f3 la decisi\u00f3n de que, al menos por ahora, el cuerpo repose en un importante museo de la ciudad de Quito, por un \u00a0tiempo, siendo una oportunidad para que los ecuatorianos y extranjeros que ingresan al pa\u00eds por la capital tambi\u00e9n conozcan su historia; hasta que se pueden realizar las gestiones y en un futuro adecuar el sitio id\u00f3neo para albergarlo en el Centro de Crianza de la DPNG en Santa Cruz, en donde el emblem\u00e1tico reptil pas\u00f3 los \u00faltimos 40 a\u00f1os de su vida.<\/div>\n<div style=\"color: #000000; text-align: justify;\"><\/div>\n<div style=\"color: #000000; text-align: justify;\"><\/div>\n<div style=\"color: #000000; text-align: justify;\"><\/div>\n<div style=\"color: #000000; text-align: justify;\">\u201cNo discrepamos con la comunidad local y nacional que considera que el mejor sitio para que permanezca el Solitario es su propia casa, pero como responsables del cuidado de esta especie, al menos por ahora no puede ser as\u00ed\u201d, mencion\u00f3 Lorena Tapia, Ministra de Ambiente.<\/div>\n<div style=\"color: #000000; text-align: justify;\"><\/div>\n<div style=\"color: #000000; text-align: justify;\"><\/div>\n<div style=\"color: #000000; text-align: justify;\"><\/div>\n<div style=\"color: #000000; text-align: justify;\">Luego de la inesperada muerte de la emblem\u00e1tica tortuga Solitario George, su cuerpo fue congelado con las medidas recomendadas por los expertos para que se mantenga en las mejores condiciones hasta llegar al sitio en donde se proceder\u00eda a realizar el proceso de taxidermia (arte de disecar). La autoridad ambiental revis\u00f3 cautelosamente las propuestas hasta que finalmente decidi\u00f3 dejar el trabajo en manos del Museo Americano de Historia Natural, el cual cuenta con los mejores expertos del mundo para este procedimiento.<\/div>\n<div style=\"color: #000000; text-align: justify;\"><\/div>\n<div style=\"color: #000000; text-align: justify;\"><\/div>\n<div style=\"color: #000000; text-align: justify;\"><\/div>\n<div style=\"color: #000000; text-align: justify;\">Tras la suscripci\u00f3n de un convenio y con el apoyo de la organizaci\u00f3n Galapagos Conservancy, se logr\u00f3 realizar la taxidermia del Solitario George sin que represente un gasto para el Estado ecuatoriano, considerando la importancia de este individuo para la historia natural no solo del Ecuador sino de la humanidad.<\/div>\n<div style=\"color: #000000; text-align: justify;\"><\/div>\n<div style=\"color: #000000; text-align: justify;\"><\/div>\n<div style=\"color: #000000; text-align: justify;\"><\/div>\n<div style=\"color: #000000; text-align: justify;\">La autoridad ambiental est\u00e1 comprometida con el cuidado ambiental de las islas Gal\u00e1pagos y garantiza que, una vez que se cuente con el sitio t\u00e9cnicamente correcto para albergar la especie en las islas, el Solitario George retornar\u00e1 a su hogar, Gal\u00e1pagos.<\/div>\n","protected":false},"excerpt":{"rendered":"<p class=\"excerpt\">En el archipi\u00e9lago no existe al momento un sitio con las condiciones id\u00f3neas para albergar tan importante esp\u00e9cimen. Se trabajar\u00e1 en esas adecuaciones El Ministerio del Ambiente, a trav\u00e9s de la Direcci\u00f3n del Parque Nacional Gal\u00e1pagos, no descarta que el cuerpo embalsamado del Solitario George regrese a su lugar de origen, es decir las islas Gal\u00e1pagos, sin embargo, aclara que&hellip; <a href=\"https:\/\/www.ambienteyenergia.gob.ec\/ambiente\/mae-no-descarta-que-solitario-george-retorne-a-galapagos\/\">Read more &rarr;<\/a><\/p>\n","protected":false},"author":13,"featured_media":22473,"comment_status":"open","ping_status":"open","sticky":false,"template":"","format":"standard","meta":{"footnotes":""},"categories":[16,4],"tags":[],"class_list":["post-22512","post","type-post","status-publish","format-standard","has-post-thumbnail","hentry","category-comunicamos","category-noticias","xfolkentry"],"_links":{"self":[{"href":"https:\/\/www.ambienteyenergia.gob.ec\/ambiente\/wp-json\/wp\/v2\/posts\/22512","targetHints":{"allow":["GET"]}}],"collection":[{"href":"https:\/\/www.ambienteyenergia.gob.ec\/ambiente\/wp-json\/wp\/v2\/posts"}],"about":[{"href":"https:\/\/www.ambienteyenergia.gob.ec\/ambiente\/wp-json\/wp\/v2\/types\/post"}],"author":[{"embeddable":true,"href":"https:\/\/www.ambienteyenergia.gob.ec\/ambiente\/wp-json\/wp\/v2\/users\/13"}],"replies":[{"embeddable":true,"href":"https:\/\/www.ambienteyenergia.gob.ec\/ambiente\/wp-json\/wp\/v2\/comments?post=22512"}],"version-history":[{"count":0,"href":"https:\/\/www.ambienteyenergia.gob.ec\/ambiente\/wp-json\/wp\/v2\/posts\/22512\/revisions"}],"wp:featuredmedia":[{"embeddable":true,"href":"https:\/\/www.ambienteyenergia.gob.ec\/ambiente\/wp-json\/wp\/v2\/media\/22473"}],"wp:attachment":[{"href":"https:\/\/www.ambienteyenergia.gob.ec\/ambiente\/wp-json\/wp\/v2\/media?parent=22512"}],"wp:term":[{"taxonomy":"category","embeddable":true,"href":"https:\/\/www.ambienteyenergia.gob.ec\/ambiente\/wp-json\/wp\/v2\/categories?post=22512"},{"taxonomy":"post_tag","embeddable":true,"href":"https:\/\/www.ambienteyenergia.gob.ec\/ambiente\/wp-json\/wp\/v2\/tags?post=22512"}],"curies":[{"name":"wp","href":"https:\/\/api.w.org\/{rel}","templated":true}]}}