{"id":22505,"date":"2014-09-19T22:30:40","date_gmt":"2014-09-20T03:30:40","guid":{"rendered":"http:\/\/www.ambiente.gob.ec\/?p=22505"},"modified":"2014-09-20T02:31:02","modified_gmt":"2014-09-20T07:31:02","slug":"provincia-de-los-lagos-inicia-con-exito-el-dia-internacional-de-limpieza-de-playas","status":"publish","type":"post","link":"https:\/\/www.ambienteyenergia.gob.ec\/ambiente\/provincia-de-los-lagos-inicia-con-exito-el-dia-internacional-de-limpieza-de-playas\/","title":{"rendered":"Provincia de los Lagos inicia con \u00e9xito el D\u00eda Internacional de Limpieza de Playas"},"content":{"rendered":"<p style=\"text-align: justify;\"><em>El Ministerio del Ambiente a trav\u00e9s del Programa Nacional para la Gesti\u00f3n Integral de Desechos S\u00f3lidos (PNGIDS) en conjunto con la Direcci\u00f3n Provincial de Imbabura, realizaron un programa de Limpieza en el Lago San Pablo y la Laguna de Yahuarcocha en el marco del D\u00eda Internacional de Limpieza de Playas y Fuentes H\u00eddricas. Dos ejes fundamentales fueron los objetivos de esta Cartera de Estado: trabajar en una cultura de cuidado ambiental, al capacitar a los habitantes y estudiantes de colegios aleda\u00f1os a los sitios seleccionados en el correcto manejo de los residuos; y contribuir con resultados por el D\u00eda Internacional de Limpieza de Playas, que busca como objetivo primario la limpieza de los sitios nuestras fuentes h\u00eddricas.<\/em><\/p>\n<p style=\"text-align: justify;\">J\u00f3venes entusiastas fueron los primeros en llegar a los puntos de encuentro en el Lago San Pablo y en la Laguna de Yahuarcocha, sumados a la Polic\u00eda Nacional, el cuerpo de Bomberos, Cruz Roja Ecuatoriana y Servicios Civil Ciudadano hicieron un total aproximado de 1.900 voluntarios. Con la log\u00edstica de recolecci\u00f3n establecida por el equipo t\u00e9cnico de la Direcci\u00f3n Provincial de Imbabura se recorrieron los contornos de los lugares seleccionados obteniendo alrededor de 2.500 kilos de material. Es importante mencionar que se hizo una diferenciaci\u00f3n en la recolecci\u00f3n para que gestores ambientales recuperen materiales como: pl\u00e1stico, cart\u00f3n, vidrio y chatarra. Adem\u00e1s, los voluntarios tomaron conciencia en la importancia de la diferenciaci\u00f3n de los residuos, y conocieron cu\u00e1les pueden ser recuperados.<\/p>\n<p style=\"text-align: justify;\">Para Segundo Fuentes, Director Provincial de Imbabura, que se haya incluido a la \u201cProvincia de los Lagos\u201d en la campa\u00f1a por el D\u00eda Internacional de Limpieza de Playas y fuentes h\u00eddricas, es muy importante, puesto que hace que la ciudadan\u00eda de la localidad tome en cuenta el trabajo permanente que el Ministerio del Ambiente en todo el pa\u00eds, adem\u00e1s de convertirse en un llamado a cuidar las fuentes h\u00eddricas de la Provincia. Adem\u00e1s, felicit\u00f3 el involucramiento de entidades p\u00fablicas, estudiantes, la \u00a0Mancomunidad de la Cuenca del Lago San Pablo y Parroquias del \u00e1rea de influencia como Gonz\u00e1lez Suarez, Eugenio Espejo, San Pablo, San Rafael; en San Pabo y Priorato, en la Laguna de Yahuarcoha. Adem\u00e1s, invit\u00f3 a participar en la limpieza subacu\u00e1tica en la Laguna de Cuicocha, el d\u00eda 20 de septiembre.<\/p>\n<p style=\"text-align: justify;\">Paula Guerra, Gerente del PNGIDS, reconoci\u00f3 la log\u00edstica realizada por la Direcci\u00f3n Provincial y felicit\u00f3 a los 1.900 voluntarios que realizaron la limpieza del Lago San Pablo y la Laguna de Yahuarcocha. As\u00ed mismo invit\u00f3 a todos los ciudadanos que quieran ser parte activa, el d\u00eda s\u00e1bado 20 de septiembre, como voluntarios por el D\u00eda Internacional de Limpieza de Playas en las Provincias de Esmeraldas, Manab\u00ed, Guayas, Santa Elena, El Oro y Gal\u00e1pagos. Adem\u00e1s, Guerra enfatizo en que \u201cel Ministerio del Ambiente trabaja por concienciar a la ciudadan\u00eda en no botar residuos y hacernos responsable de ellos al momento de visitar lugares tur\u00edsticos; en cuidar nuestras playas, r\u00edos, lagos y lagunas; y sobre todo, el apoyo de todos y todas por tener un Ecuador Limpio\u201d.<\/p>\n<p>&nbsp;<\/p>\n","protected":false},"excerpt":{"rendered":"<p class=\"excerpt\">El Ministerio del Ambiente a trav\u00e9s del Programa Nacional para la Gesti\u00f3n Integral de Desechos S\u00f3lidos (PNGIDS) en conjunto con la Direcci\u00f3n Provincial de Imbabura, realizaron un programa de Limpieza en el Lago San Pablo y la Laguna de Yahuarcocha en el marco del D\u00eda Internacional de Limpieza de Playas y Fuentes H\u00eddricas. Dos ejes fundamentales fueron los objetivos de&hellip; <a href=\"https:\/\/www.ambienteyenergia.gob.ec\/ambiente\/provincia-de-los-lagos-inicia-con-exito-el-dia-internacional-de-limpieza-de-playas\/\">Read more &rarr;<\/a><\/p>\n","protected":false},"author":13,"featured_media":22506,"comment_status":"open","ping_status":"open","sticky":false,"template":"","format":"standard","meta":{"footnotes":""},"categories":[16,4],"tags":[442,387,418],"class_list":["post-22505","post","type-post","status-publish","format-standard","has-post-thumbnail","hentry","category-comunicamos","category-noticias","tag-limpieza","tag-mae-lorena-tapia","tag-playas-limpias","xfolkentry"],"_links":{"self":[{"href":"https:\/\/www.ambienteyenergia.gob.ec\/ambiente\/wp-json\/wp\/v2\/posts\/22505","targetHints":{"allow":["GET"]}}],"collection":[{"href":"https:\/\/www.ambienteyenergia.gob.ec\/ambiente\/wp-json\/wp\/v2\/posts"}],"about":[{"href":"https:\/\/www.ambienteyenergia.gob.ec\/ambiente\/wp-json\/wp\/v2\/types\/post"}],"author":[{"embeddable":true,"href":"https:\/\/www.ambienteyenergia.gob.ec\/ambiente\/wp-json\/wp\/v2\/users\/13"}],"replies":[{"embeddable":true,"href":"https:\/\/www.ambienteyenergia.gob.ec\/ambiente\/wp-json\/wp\/v2\/comments?post=22505"}],"version-history":[{"count":0,"href":"https:\/\/www.ambienteyenergia.gob.ec\/ambiente\/wp-json\/wp\/v2\/posts\/22505\/revisions"}],"wp:featuredmedia":[{"embeddable":true,"href":"https:\/\/www.ambienteyenergia.gob.ec\/ambiente\/wp-json\/wp\/v2\/media\/22506"}],"wp:attachment":[{"href":"https:\/\/www.ambienteyenergia.gob.ec\/ambiente\/wp-json\/wp\/v2\/media?parent=22505"}],"wp:term":[{"taxonomy":"category","embeddable":true,"href":"https:\/\/www.ambienteyenergia.gob.ec\/ambiente\/wp-json\/wp\/v2\/categories?post=22505"},{"taxonomy":"post_tag","embeddable":true,"href":"https:\/\/www.ambienteyenergia.gob.ec\/ambiente\/wp-json\/wp\/v2\/tags?post=22505"}],"curies":[{"name":"wp","href":"https:\/\/api.w.org\/{rel}","templated":true}]}}