{"id":22498,"date":"2014-09-19T11:29:52","date_gmt":"2014-09-19T16:29:52","guid":{"rendered":"http:\/\/www.ambiente.gob.ec\/?p=22498"},"modified":"2014-09-19T11:29:52","modified_gmt":"2014-09-19T16:29:52","slug":"mae-rescato-cinco-especimenes-de-vida-silvestre-en-pallatanga-cumanda-y-riobamba","status":"publish","type":"post","link":"https:\/\/www.ambienteyenergia.gob.ec\/ambiente\/mae-rescato-cinco-especimenes-de-vida-silvestre-en-pallatanga-cumanda-y-riobamba\/","title":{"rendered":"MAE rescat\u00f3 cinco espec\u00edmenes de vida silvestre en Pallatanga, Cumand\u00e1 y Riobamba"},"content":{"rendered":"<p style=\"text-align: justify;\">La semana pasada, el Ministerio del Ambiente (MAE), con el apoyo de la Unidad de Protecci\u00f3n del Medio Ambiente (UPMA) de la Polic\u00eda Nacional, rescat\u00f3 dos ardillas (<em>Sciurus granatensis<\/em>), un loro alibronceado (<em>Pionus chalcopterus<\/em>), un tucanete esmeralda (<em>Aulacorhynchus prasinus<\/em>), y una gallareta (<em>Fulica rufifrons<\/em>),en un operativo de control realizado en la provincia de Chimborazo.<\/p>\n<p style=\"text-align: justify;\">Durante dos d\u00edas, personal del MAE realiz\u00f3 varios recorridos por las diferentes localidades de los cantones de Pallatanga, Cumand\u00e1 y Riobamba, con la finalidad de verificar en las viviendas de los ciudadanos, espec\u00edmenes de vida silvestre en cautiverio.<\/p>\n<p style=\"text-align: justify;\">En esos cantones se encontraron a estos cinco ejemplares, quienes permanec\u00edan en cautiverio como mascotas.<\/p>\n<p style=\"text-align: justify;\">Una vez evaluado el estado de salud de los espec\u00edmenes, el MAE traslado el loro y el tucanete al Centro de Rescate del Parque Hist\u00f3rico de Guayaquil, la gallareta fue trasladado al Eco Zool\u00f3gico San Mart\u00edn en la Provincia de Tungurahua y las ardillas fueron liberadas en el Bosque Chaguarpata, ubicado en el Cant\u00f3n Pallatanga.<\/p>\n<p style=\"text-align: justify;\">Los tres espec\u00edmenes que est\u00e1n en centros de tenencia, ser\u00e1n evaluados por especialistas con la finalidad de recuperar el estado de salud para su posible reintroducci\u00f3n al habitad natural.<\/p>\n<p style=\"text-align: justify;\">El Ministerio del Ambiente contin\u00faa socializando la ley Forestal y de Conservaci\u00f3n de \u00c1reas Naturales y Vida Silvestre para evitar la caza, comercializaci\u00f3n y tenencia de vida silvestre como mascotas.<\/p>\n","protected":false},"excerpt":{"rendered":"<p class=\"excerpt\">La semana pasada, el Ministerio del Ambiente (MAE), con el apoyo de la Unidad de Protecci\u00f3n del Medio Ambiente (UPMA) de la Polic\u00eda Nacional, rescat\u00f3 dos ardillas (Sciurus granatensis), un loro alibronceado (Pionus chalcopterus), un tucanete esmeralda (Aulacorhynchus prasinus), y una gallareta (Fulica rufifrons),en un operativo de control realizado en la provincia de Chimborazo. Durante dos d\u00edas, personal del MAE&hellip; <a href=\"https:\/\/www.ambienteyenergia.gob.ec\/ambiente\/mae-rescato-cinco-especimenes-de-vida-silvestre-en-pallatanga-cumanda-y-riobamba\/\">Read more &rarr;<\/a><\/p>\n","protected":false},"author":13,"featured_media":22499,"comment_status":"open","ping_status":"open","sticky":false,"template":"","format":"standard","meta":{"footnotes":""},"categories":[16,4],"tags":[108,53,114,408],"class_list":["post-22498","post","type-post","status-publish","format-standard","has-post-thumbnail","hentry","category-comunicamos","category-noticias","tag-lorena-tapia","tag-mae","tag-riobamba","tag-vida-silvestre","xfolkentry"],"_links":{"self":[{"href":"https:\/\/www.ambienteyenergia.gob.ec\/ambiente\/wp-json\/wp\/v2\/posts\/22498","targetHints":{"allow":["GET"]}}],"collection":[{"href":"https:\/\/www.ambienteyenergia.gob.ec\/ambiente\/wp-json\/wp\/v2\/posts"}],"about":[{"href":"https:\/\/www.ambienteyenergia.gob.ec\/ambiente\/wp-json\/wp\/v2\/types\/post"}],"author":[{"embeddable":true,"href":"https:\/\/www.ambienteyenergia.gob.ec\/ambiente\/wp-json\/wp\/v2\/users\/13"}],"replies":[{"embeddable":true,"href":"https:\/\/www.ambienteyenergia.gob.ec\/ambiente\/wp-json\/wp\/v2\/comments?post=22498"}],"version-history":[{"count":0,"href":"https:\/\/www.ambienteyenergia.gob.ec\/ambiente\/wp-json\/wp\/v2\/posts\/22498\/revisions"}],"wp:featuredmedia":[{"embeddable":true,"href":"https:\/\/www.ambienteyenergia.gob.ec\/ambiente\/wp-json\/wp\/v2\/media\/22499"}],"wp:attachment":[{"href":"https:\/\/www.ambienteyenergia.gob.ec\/ambiente\/wp-json\/wp\/v2\/media?parent=22498"}],"wp:term":[{"taxonomy":"category","embeddable":true,"href":"https:\/\/www.ambienteyenergia.gob.ec\/ambiente\/wp-json\/wp\/v2\/categories?post=22498"},{"taxonomy":"post_tag","embeddable":true,"href":"https:\/\/www.ambienteyenergia.gob.ec\/ambiente\/wp-json\/wp\/v2\/tags?post=22498"}],"curies":[{"name":"wp","href":"https:\/\/api.w.org\/{rel}","templated":true}]}}