{"id":22492,"date":"2014-09-18T16:56:16","date_gmt":"2014-09-18T21:56:16","guid":{"rendered":"http:\/\/www.ambiente.gob.ec\/?p=22492"},"modified":"2014-09-18T16:56:16","modified_gmt":"2014-09-18T21:56:16","slug":"mae-conmemora-vii-aniversario-de-la-reserva-de-biosfera-podocarpus-el-condor","status":"publish","type":"post","link":"https:\/\/www.ambienteyenergia.gob.ec\/ambiente\/mae-conmemora-vii-aniversario-de-la-reserva-de-biosfera-podocarpus-el-condor\/","title":{"rendered":"MAE conmemora VII aniversario de la Reserva de Bi\u00f3sfera Podocarpus El C\u00f3ndor"},"content":{"rendered":"<p style=\"text-align: justify;\">Con la participaci\u00f3n de instituciones y estudiantes de establecimiento educativos de la ciudad de Loja, hoy se realiz\u00f3 un foro estudiantil en celebraci\u00f3n del VII aniversario de reconocimiento por la UNESCO a la Reserva de Biosfera Podocarpus El C\u00f3ndor.<\/p>\n<p style=\"text-align: justify;\">\nEsta reserva se encuentra ubicada en las provincias de Loja y Zamora, con una extensi\u00f3n aproximada de 1 140 000 hect\u00e1reas que abarca los cantones de Esp\u00edndola, Loja, Saraguro, Catamayo, Quilanga en la provincia de Loja; y Zamora,\u00a0 Nangaritza, Palanda, Chinchipe, Yacuamb\u00ed en la provincia de Zamora Chinchipe; comprende 48 parroquias de estos 10 cantones, divididas en 3 zonas: Zona N\u00facleo (\u00c1reas Protegidas Podocarpus, Yacuri y Cerro Plateado), Zona de Amortiguamiento y Zona de Transici\u00f3n.<\/p>\n<p style=\"text-align: justify;\">\nAl evento asistieron cerca de 500 estudiantes\u00a0 de la Escuela de Conducci\u00f3n ESCOPROL y de los Colegios Bernardo Valdivieso, La Dolorosa, Ateneo y Fernando Su\u00e1rez, quienes tuvieron la oportunidad de conocer informaci\u00f3n importante de esta declaratoria y expusieron sus inquietudes respecto al tema.<\/p>\n","protected":false},"excerpt":{"rendered":"<p class=\"excerpt\">Con la participaci\u00f3n de instituciones y estudiantes de establecimiento educativos de la ciudad de Loja, hoy se realiz\u00f3 un foro estudiantil en celebraci\u00f3n del VII aniversario de reconocimiento por la UNESCO a la Reserva de Biosfera Podocarpus El C\u00f3ndor. Esta reserva se encuentra ubicada en las provincias de Loja y Zamora, con una extensi\u00f3n aproximada de 1 140 000 hect\u00e1reas&hellip; <a href=\"https:\/\/www.ambienteyenergia.gob.ec\/ambiente\/mae-conmemora-vii-aniversario-de-la-reserva-de-biosfera-podocarpus-el-condor\/\">Read more &rarr;<\/a><\/p>\n","protected":false},"author":13,"featured_media":22493,"comment_status":"open","ping_status":"open","sticky":false,"template":"","format":"standard","meta":{"footnotes":""},"categories":[16,4],"tags":[],"class_list":["post-22492","post","type-post","status-publish","format-standard","has-post-thumbnail","hentry","category-comunicamos","category-noticias","xfolkentry"],"_links":{"self":[{"href":"https:\/\/www.ambienteyenergia.gob.ec\/ambiente\/wp-json\/wp\/v2\/posts\/22492","targetHints":{"allow":["GET"]}}],"collection":[{"href":"https:\/\/www.ambienteyenergia.gob.ec\/ambiente\/wp-json\/wp\/v2\/posts"}],"about":[{"href":"https:\/\/www.ambienteyenergia.gob.ec\/ambiente\/wp-json\/wp\/v2\/types\/post"}],"author":[{"embeddable":true,"href":"https:\/\/www.ambienteyenergia.gob.ec\/ambiente\/wp-json\/wp\/v2\/users\/13"}],"replies":[{"embeddable":true,"href":"https:\/\/www.ambienteyenergia.gob.ec\/ambiente\/wp-json\/wp\/v2\/comments?post=22492"}],"version-history":[{"count":0,"href":"https:\/\/www.ambienteyenergia.gob.ec\/ambiente\/wp-json\/wp\/v2\/posts\/22492\/revisions"}],"wp:featuredmedia":[{"embeddable":true,"href":"https:\/\/www.ambienteyenergia.gob.ec\/ambiente\/wp-json\/wp\/v2\/media\/22493"}],"wp:attachment":[{"href":"https:\/\/www.ambienteyenergia.gob.ec\/ambiente\/wp-json\/wp\/v2\/media?parent=22492"}],"wp:term":[{"taxonomy":"category","embeddable":true,"href":"https:\/\/www.ambienteyenergia.gob.ec\/ambiente\/wp-json\/wp\/v2\/categories?post=22492"},{"taxonomy":"post_tag","embeddable":true,"href":"https:\/\/www.ambienteyenergia.gob.ec\/ambiente\/wp-json\/wp\/v2\/tags?post=22492"}],"curies":[{"name":"wp","href":"https:\/\/api.w.org\/{rel}","templated":true}]}}