{"id":22489,"date":"2014-09-18T16:53:22","date_gmt":"2014-09-18T21:53:22","guid":{"rendered":"http:\/\/www.ambiente.gob.ec\/?p=22489"},"modified":"2014-09-18T16:53:22","modified_gmt":"2014-09-18T21:53:22","slug":"mae-intensifica-operativos-de-rescate-de-vida-silvestre-en-loja","status":"publish","type":"post","link":"https:\/\/www.ambienteyenergia.gob.ec\/ambiente\/mae-intensifica-operativos-de-rescate-de-vida-silvestre-en-loja\/","title":{"rendered":"MAE intensifica operativos de rescate de vida silvestre en Loja"},"content":{"rendered":"<p style=\"text-align: justify;\">El Ministerio del Ambiente de Ecuador (MAE), a trav\u00e9s de su Unidad de Vida Silvestre en un trabajo conjunto con la Unidad de Protecci\u00f3n del Medio Ambiente (UPMA) de la\u00a0 Polic\u00eda Ambiental y J\u00f3venes del Servicio Civil Ciudadano realizaron operativos de control de vida silvestre en varios sitios de la Hoya, en la ciudad de Loja.<\/p>\n<p style=\"text-align: justify;\">\nDurante estas dos \u00faltimas semanas, la Direcci\u00f3n Provincial del Ambiente de Loja ha intensificado los operativos de control de vida silvestre, dando como resultado el rescate de 16 espec\u00edmenes de vida silvestre y varios elementos constitutivos.<\/p>\n<p style=\"text-align: justify;\">\nEntre las especies rescatadas de encuentran: cinco pericos caretirrojo, tres amazonas alinaranjas, un loro cabeciazul, un perico macare\u00f1o, un perico alicobaltico, dos tordos, un oso hormiguero y dos boas constrictor imperator.<\/p>\n<p style=\"text-align: justify;\">\nEstos animales fueron entregados al Zool\u00f3gico Municipal Orillas del Zamora del Municipio de Loja, en donde un equipo m\u00e9dico realizar\u00e1 el diagn\u00f3stico de salud de cada una de las especies, mismas que permanecer\u00e1n en estado de cuarentena.<\/p>\n<p style=\"text-align: justify;\">\nUna vez que se tengan los resultados de los an\u00e1lisis veterinarios, t\u00e9cnicos de esta Cartera de Estado, en conjunto con m\u00e9dicos veterinarios determinaran la factibilidad de reinsertar a estos espec\u00edmenes a su h\u00e1bitat natural.<\/p>\n","protected":false},"excerpt":{"rendered":"<p class=\"excerpt\">El Ministerio del Ambiente de Ecuador (MAE), a trav\u00e9s de su Unidad de Vida Silvestre en un trabajo conjunto con la Unidad de Protecci\u00f3n del Medio Ambiente (UPMA) de la\u00a0 Polic\u00eda Ambiental y J\u00f3venes del Servicio Civil Ciudadano realizaron operativos de control de vida silvestre en varios sitios de la Hoya, en la ciudad de Loja. Durante estas dos \u00faltimas&hellip; <a href=\"https:\/\/www.ambienteyenergia.gob.ec\/ambiente\/mae-intensifica-operativos-de-rescate-de-vida-silvestre-en-loja\/\">Read more &rarr;<\/a><\/p>\n","protected":false},"author":13,"featured_media":22490,"comment_status":"open","ping_status":"open","sticky":false,"template":"","format":"standard","meta":{"footnotes":""},"categories":[16,4],"tags":[],"class_list":["post-22489","post","type-post","status-publish","format-standard","has-post-thumbnail","hentry","category-comunicamos","category-noticias","xfolkentry"],"_links":{"self":[{"href":"https:\/\/www.ambienteyenergia.gob.ec\/ambiente\/wp-json\/wp\/v2\/posts\/22489","targetHints":{"allow":["GET"]}}],"collection":[{"href":"https:\/\/www.ambienteyenergia.gob.ec\/ambiente\/wp-json\/wp\/v2\/posts"}],"about":[{"href":"https:\/\/www.ambienteyenergia.gob.ec\/ambiente\/wp-json\/wp\/v2\/types\/post"}],"author":[{"embeddable":true,"href":"https:\/\/www.ambienteyenergia.gob.ec\/ambiente\/wp-json\/wp\/v2\/users\/13"}],"replies":[{"embeddable":true,"href":"https:\/\/www.ambienteyenergia.gob.ec\/ambiente\/wp-json\/wp\/v2\/comments?post=22489"}],"version-history":[{"count":0,"href":"https:\/\/www.ambienteyenergia.gob.ec\/ambiente\/wp-json\/wp\/v2\/posts\/22489\/revisions"}],"wp:featuredmedia":[{"embeddable":true,"href":"https:\/\/www.ambienteyenergia.gob.ec\/ambiente\/wp-json\/wp\/v2\/media\/22490"}],"wp:attachment":[{"href":"https:\/\/www.ambienteyenergia.gob.ec\/ambiente\/wp-json\/wp\/v2\/media?parent=22489"}],"wp:term":[{"taxonomy":"category","embeddable":true,"href":"https:\/\/www.ambienteyenergia.gob.ec\/ambiente\/wp-json\/wp\/v2\/categories?post=22489"},{"taxonomy":"post_tag","embeddable":true,"href":"https:\/\/www.ambienteyenergia.gob.ec\/ambiente\/wp-json\/wp\/v2\/tags?post=22489"}],"curies":[{"name":"wp","href":"https:\/\/api.w.org\/{rel}","templated":true}]}}