{"id":22486,"date":"2014-09-18T16:18:31","date_gmt":"2014-09-18T21:18:31","guid":{"rendered":"http:\/\/www.ambiente.gob.ec\/?p=22486"},"modified":"2014-09-18T16:18:31","modified_gmt":"2014-09-18T21:18:31","slug":"mae-evaluo-las-actividades-de-construccion-de-albarradas-en-el-canton-paltas-en-la-provincia-de-loja","status":"publish","type":"post","link":"https:\/\/www.ambienteyenergia.gob.ec\/ambiente\/mae-evaluo-las-actividades-de-construccion-de-albarradas-en-el-canton-paltas-en-la-provincia-de-loja\/","title":{"rendered":"MAE evalu\u00f3 las actividades de construcci\u00f3n de albarradas en el cant\u00f3n Paltas en la provincia de Loja"},"content":{"rendered":"<p style=\"text-align: justify;\">El Ministerio del Ambiente del Ecuador (MAE) y COMUNIDEC se encuentran ejecutando el proyecto \u201cSembrando Agua para el manejo tecnificado del riego de las huertas agroforestales campesinas de las cuencas altas de los r\u00edos Catamayo &#8211; Playas, para adaptarse al cambio clim\u00e1tico, fase II\u201d, a trav\u00e9s del Proyecto de Adaptaci\u00f3n al Cambio Clim\u00e1tico, por medio de una efectiva gobernabilidad del Agua (PACC) financiado por el Programa de las Naciones Unidas al Desarrollo PNUD.<\/p>\n<p style=\"text-align: justify;\">\nEl proyecto en menci\u00f3n beneficia actualmente a las parroquias de Catacocha, San Antonio, Cangonam\u00e1 y Lourdes, dentro de las microcuencas San Antonio &#8211; Santo Domingo, Duraznillo, Las Cochas, San Jos\u00e9, Huato, Guanchuro &#8211; La Florida, San Pedro y Naranjo Dulce.<\/p>\n<p style=\"text-align: justify;\">\nEn coordinaci\u00f3n con los socios ejecutores, t\u00e9cnicos del MAE &#8211; PACC visitaron el proyecto con la finalidad de constatar los avances en la construcci\u00f3n de albarradas y tajamares. Asimismo, mantuvieron reuniones con beneficiarios del proyecto y miembros del Comit\u00e9 de Gesti\u00f3n Ambiental del cant\u00f3n Paltas.<\/p>\n<p style=\"text-align: justify;\">\nEn el marco del convenio firmado entre el MAE y COMUNIDEC, es necesario mantener una constante visita a las zonas de influencia del proyecto y de impacto, con el objetivo de fomentar el desarrollo social y t\u00e9cnico entre las instituciones y los beneficiarios.<\/p>\n","protected":false},"excerpt":{"rendered":"<p class=\"excerpt\">El Ministerio del Ambiente del Ecuador (MAE) y COMUNIDEC se encuentran ejecutando el proyecto \u201cSembrando Agua para el manejo tecnificado del riego de las huertas agroforestales campesinas de las cuencas altas de los r\u00edos Catamayo &#8211; Playas, para adaptarse al cambio clim\u00e1tico, fase II\u201d, a trav\u00e9s del Proyecto de Adaptaci\u00f3n al Cambio Clim\u00e1tico, por medio de una efectiva gobernabilidad del&hellip; <a href=\"https:\/\/www.ambienteyenergia.gob.ec\/ambiente\/mae-evaluo-las-actividades-de-construccion-de-albarradas-en-el-canton-paltas-en-la-provincia-de-loja\/\">Read more &rarr;<\/a><\/p>\n","protected":false},"author":13,"featured_media":22487,"comment_status":"open","ping_status":"open","sticky":false,"template":"","format":"standard","meta":{"footnotes":""},"categories":[16,4],"tags":[],"class_list":["post-22486","post","type-post","status-publish","format-standard","has-post-thumbnail","hentry","category-comunicamos","category-noticias","xfolkentry"],"_links":{"self":[{"href":"https:\/\/www.ambienteyenergia.gob.ec\/ambiente\/wp-json\/wp\/v2\/posts\/22486","targetHints":{"allow":["GET"]}}],"collection":[{"href":"https:\/\/www.ambienteyenergia.gob.ec\/ambiente\/wp-json\/wp\/v2\/posts"}],"about":[{"href":"https:\/\/www.ambienteyenergia.gob.ec\/ambiente\/wp-json\/wp\/v2\/types\/post"}],"author":[{"embeddable":true,"href":"https:\/\/www.ambienteyenergia.gob.ec\/ambiente\/wp-json\/wp\/v2\/users\/13"}],"replies":[{"embeddable":true,"href":"https:\/\/www.ambienteyenergia.gob.ec\/ambiente\/wp-json\/wp\/v2\/comments?post=22486"}],"version-history":[{"count":0,"href":"https:\/\/www.ambienteyenergia.gob.ec\/ambiente\/wp-json\/wp\/v2\/posts\/22486\/revisions"}],"wp:featuredmedia":[{"embeddable":true,"href":"https:\/\/www.ambienteyenergia.gob.ec\/ambiente\/wp-json\/wp\/v2\/media\/22487"}],"wp:attachment":[{"href":"https:\/\/www.ambienteyenergia.gob.ec\/ambiente\/wp-json\/wp\/v2\/media?parent=22486"}],"wp:term":[{"taxonomy":"category","embeddable":true,"href":"https:\/\/www.ambienteyenergia.gob.ec\/ambiente\/wp-json\/wp\/v2\/categories?post=22486"},{"taxonomy":"post_tag","embeddable":true,"href":"https:\/\/www.ambienteyenergia.gob.ec\/ambiente\/wp-json\/wp\/v2\/tags?post=22486"}],"curies":[{"name":"wp","href":"https:\/\/api.w.org\/{rel}","templated":true}]}}