{"id":22483,"date":"2014-09-18T16:15:31","date_gmt":"2014-09-18T21:15:31","guid":{"rendered":"http:\/\/www.ambiente.gob.ec\/?p=22483"},"modified":"2014-09-18T16:15:31","modified_gmt":"2014-09-18T21:15:31","slug":"mae-controla-incendios-registrado-en-la-provincia-de-cotopaxi","status":"publish","type":"post","link":"https:\/\/www.ambienteyenergia.gob.ec\/ambiente\/mae-controla-incendios-registrado-en-la-provincia-de-cotopaxi\/","title":{"rendered":"MAE controla incendios registrado en la provincia de Cotopaxi"},"content":{"rendered":"<p style=\"text-align: justify;\">El Ministerio del Ambiente de Ecuador (MAE), a trav\u00e9s de la Direcci\u00f3n Provincial del Ambiente de Cotopaxi logr\u00f3 controlar el incendio registrado en el sector Ticatil\u00edn, Cara Sur del Volc\u00e1n Cotopaxi, con la colaboraci\u00f3n de 119 personas que se sumaron a las labores para sofocar el flagelo.<\/p>\n<p>T\u00e9cnicos del MAE, el Cuerpo de Bomberos de Cotopaxi, personal militar de la Brigada Patria, Polic\u00eda Nacional y habitantes del sector, trabajaron en conjunto con el fin de extinguir el fuego que consumi\u00f3 cerca de seis hect\u00e1reas de pajonales dentro del Parque Nacional.<\/p>\n<p>La utilizaci\u00f3n de dos motobombas del cuerpo de bomberos ayudaron en gran medida para evitar que el flagelo se extienda y cause m\u00e1s da\u00f1os en el lugar.<\/p>\n<p>Adem\u00e1s, t\u00e9cnicos de esta Cartera de Estado colaboraron en las labores para sofocar un incendio que se produjo en el sector de Palopo Alto, que no afect\u00f3 a ning\u00fan \u00e1rea protegida o zona de influencia, que afecto a cerca de 25 hect\u00e1reas de pajonal.<\/p>\n<p>En ninguno de los dos incendios registrados en la provincia se registr\u00f3 afectaci\u00f3n a la vida silvestre, ni a personas que habitan cerca de los sectores en donde ocurrieron los flagelos.<\/p>\n<p>El MAE como M\u00e1xima Autoridad Ambiental, act\u00faa de manera inmediata en actividades de control de incendios, con el fin de minimizar los impactos al patrimonio natural por este tipo de situaciones de emergencia, que se activan en \u00e9poca de verano a nivel nacional.<\/p>\n","protected":false},"excerpt":{"rendered":"<p class=\"excerpt\">El Ministerio del Ambiente de Ecuador (MAE), a trav\u00e9s de la Direcci\u00f3n Provincial del Ambiente de Cotopaxi logr\u00f3 controlar el incendio registrado en el sector Ticatil\u00edn, Cara Sur del Volc\u00e1n Cotopaxi, con la colaboraci\u00f3n de 119 personas que se sumaron a las labores para sofocar el flagelo. T\u00e9cnicos del MAE, el Cuerpo de Bomberos de Cotopaxi, personal militar de la&hellip; <a href=\"https:\/\/www.ambienteyenergia.gob.ec\/ambiente\/mae-controla-incendios-registrado-en-la-provincia-de-cotopaxi\/\">Read more &rarr;<\/a><\/p>\n","protected":false},"author":13,"featured_media":22484,"comment_status":"open","ping_status":"open","sticky":false,"template":"","format":"standard","meta":{"footnotes":""},"categories":[16,4],"tags":[],"class_list":["post-22483","post","type-post","status-publish","format-standard","has-post-thumbnail","hentry","category-comunicamos","category-noticias","xfolkentry"],"_links":{"self":[{"href":"https:\/\/www.ambienteyenergia.gob.ec\/ambiente\/wp-json\/wp\/v2\/posts\/22483","targetHints":{"allow":["GET"]}}],"collection":[{"href":"https:\/\/www.ambienteyenergia.gob.ec\/ambiente\/wp-json\/wp\/v2\/posts"}],"about":[{"href":"https:\/\/www.ambienteyenergia.gob.ec\/ambiente\/wp-json\/wp\/v2\/types\/post"}],"author":[{"embeddable":true,"href":"https:\/\/www.ambienteyenergia.gob.ec\/ambiente\/wp-json\/wp\/v2\/users\/13"}],"replies":[{"embeddable":true,"href":"https:\/\/www.ambienteyenergia.gob.ec\/ambiente\/wp-json\/wp\/v2\/comments?post=22483"}],"version-history":[{"count":0,"href":"https:\/\/www.ambienteyenergia.gob.ec\/ambiente\/wp-json\/wp\/v2\/posts\/22483\/revisions"}],"wp:featuredmedia":[{"embeddable":true,"href":"https:\/\/www.ambienteyenergia.gob.ec\/ambiente\/wp-json\/wp\/v2\/media\/22484"}],"wp:attachment":[{"href":"https:\/\/www.ambienteyenergia.gob.ec\/ambiente\/wp-json\/wp\/v2\/media?parent=22483"}],"wp:term":[{"taxonomy":"category","embeddable":true,"href":"https:\/\/www.ambienteyenergia.gob.ec\/ambiente\/wp-json\/wp\/v2\/categories?post=22483"},{"taxonomy":"post_tag","embeddable":true,"href":"https:\/\/www.ambienteyenergia.gob.ec\/ambiente\/wp-json\/wp\/v2\/tags?post=22483"}],"curies":[{"name":"wp","href":"https:\/\/api.w.org\/{rel}","templated":true}]}}