{"id":22480,"date":"2014-09-18T14:44:43","date_gmt":"2014-09-18T19:44:43","guid":{"rendered":"http:\/\/www.ambiente.gob.ec\/?p=22480"},"modified":"2014-09-19T10:53:32","modified_gmt":"2014-09-19T15:53:32","slug":"117-playas-ecuatorianas-seran-intervenidas-por-el-dia-internacional-de-limpieza-de-playas","status":"publish","type":"post","link":"https:\/\/www.ambienteyenergia.gob.ec\/ambiente\/117-playas-ecuatorianas-seran-intervenidas-por-el-dia-internacional-de-limpieza-de-playas\/","title":{"rendered":"117 playas  ecuatorianas ser\u00e1n intervenidas por el D\u00eda Internacional de Limpieza de Playas"},"content":{"rendered":"<p style=\"text-align: justify;\">En conmemoraci\u00f3n del D\u00eda Internacional de Limpieza de Playas, este s\u00e1bado 20 de septiembre, el Ministerio del Ambiente del Ecuador (MAE) liderar\u00e1 una jornada de recolecci\u00f3n de residuos en 117 playas de la costa ecuatoriana, incluyendo las islas Gal\u00e1pagos.<\/p>\n<p style=\"text-align: justify;\">El objetivo de esta actividad, que se replicar\u00e1 en varios pa\u00edses a nivel mundial, es acopiar los residuos que se encuentran en las playas, concienciar a la poblaci\u00f3n sobre la importancia de no contaminar estos espacios naturales, y registrar el mayor n\u00famero de voluntarios.<\/p>\n<p style=\"text-align: justify;\">En 2013, Ecuador alcanz\u00f3 el 6to lugar dentro de esta iniciativa internacional. Para este a\u00f1o, el MAE se ha propuesto superar dicha posici\u00f3n, por lo que esta importante jornada se realizar\u00e1 en las provincias de Esmeraldas, Manab\u00ed, El Oro, Guayas, Santa Elena, Gal\u00e1pagos. Adem\u00e1s, se intervendr\u00e1 en las orillas de las lagunas Cuicocha, San Pablo y Yahuarcocha, como plan piloto.<\/p>\n<p style=\"text-align: justify;\">Por primera vez en el pa\u00eds, se incluir\u00e1 la limpieza submarina en la playa de Salango (Manab\u00ed), y subacu\u00e1tica de la laguna de Cuicocha (Imbabura). En esta operaci\u00f3n conjunta participar\u00e1n la Secretaria del Mar, el Parque Nacional Machalilla, Escuela de Buseo Tortuga Dive, Mares Dive Center, y el Viceministerio de Pesca y Paralelo Cero.<\/p>\n<p style=\"text-align: justify;\">El viernes 19 de septiembre, se realizar\u00e1 la limpieza de las lagunas San Pablo y Yahuarcocha, de la provincia de Imbabura.<\/p>\n<p style=\"text-align: justify;\">El s\u00e1bado 20, la limpieza iniciar\u00e1 a las 07:00, y concluir\u00e1 a las 13:00, aproximadamente. En las playas Atacames, Puerto L\u00f3pez, Playas, Ballenita y Bajo Alto, se realizar\u00e1n tambi\u00e9n eventos deportivos y art\u00edsticos.<\/p>\n<p style=\"text-align: justify;\"><strong>M\u00e1s datos <\/strong><\/p>\n<p style=\"text-align: justify;\">En 2103, un total de 15 189 voluntarios participaron en el D\u00eda Internacional de Limpieza de Playas; este 20 de septiembre, el MAE apuesta por la incorporaci\u00f3n de 20 000 voluntarios, para lo cual coordina actividades con el Ministerio del Deporte, Armada Nacional, Ministerio de Educaci\u00f3n, Gobiernos Aut\u00f3nomos Descentralizados Municipales y el Ministerio de Salud.<\/p>\n<p style=\"text-align: justify;\">Invitamos a la ciudadan\u00eda a ser parte de esta importante iniciativa para conservar limpias las playas ecuatorianas y las lagunas de Imbabura. \u00danete a ser parte de esta cruzada internacional a favor del ambiente.<\/p>\n","protected":false},"excerpt":{"rendered":"<p class=\"excerpt\">En conmemoraci\u00f3n del D\u00eda Internacional de Limpieza de Playas, este s\u00e1bado 20 de septiembre, el Ministerio del Ambiente del Ecuador (MAE) liderar\u00e1 una jornada de recolecci\u00f3n de residuos en 117 playas de la costa ecuatoriana, incluyendo las islas Gal\u00e1pagos. El objetivo de esta actividad, que se replicar\u00e1 en varios pa\u00edses a nivel mundial, es acopiar los residuos que se encuentran&hellip; <a href=\"https:\/\/www.ambienteyenergia.gob.ec\/ambiente\/117-playas-ecuatorianas-seran-intervenidas-por-el-dia-internacional-de-limpieza-de-playas\/\">Read more &rarr;<\/a><\/p>\n","protected":false},"author":13,"featured_media":22481,"comment_status":"open","ping_status":"open","sticky":false,"template":"","format":"standard","meta":{"footnotes":""},"categories":[16,4],"tags":[],"class_list":["post-22480","post","type-post","status-publish","format-standard","has-post-thumbnail","hentry","category-comunicamos","category-noticias","xfolkentry"],"_links":{"self":[{"href":"https:\/\/www.ambienteyenergia.gob.ec\/ambiente\/wp-json\/wp\/v2\/posts\/22480","targetHints":{"allow":["GET"]}}],"collection":[{"href":"https:\/\/www.ambienteyenergia.gob.ec\/ambiente\/wp-json\/wp\/v2\/posts"}],"about":[{"href":"https:\/\/www.ambienteyenergia.gob.ec\/ambiente\/wp-json\/wp\/v2\/types\/post"}],"author":[{"embeddable":true,"href":"https:\/\/www.ambienteyenergia.gob.ec\/ambiente\/wp-json\/wp\/v2\/users\/13"}],"replies":[{"embeddable":true,"href":"https:\/\/www.ambienteyenergia.gob.ec\/ambiente\/wp-json\/wp\/v2\/comments?post=22480"}],"version-history":[{"count":0,"href":"https:\/\/www.ambienteyenergia.gob.ec\/ambiente\/wp-json\/wp\/v2\/posts\/22480\/revisions"}],"wp:featuredmedia":[{"embeddable":true,"href":"https:\/\/www.ambienteyenergia.gob.ec\/ambiente\/wp-json\/wp\/v2\/media\/22481"}],"wp:attachment":[{"href":"https:\/\/www.ambienteyenergia.gob.ec\/ambiente\/wp-json\/wp\/v2\/media?parent=22480"}],"wp:term":[{"taxonomy":"category","embeddable":true,"href":"https:\/\/www.ambienteyenergia.gob.ec\/ambiente\/wp-json\/wp\/v2\/categories?post=22480"},{"taxonomy":"post_tag","embeddable":true,"href":"https:\/\/www.ambienteyenergia.gob.ec\/ambiente\/wp-json\/wp\/v2\/tags?post=22480"}],"curies":[{"name":"wp","href":"https:\/\/api.w.org\/{rel}","templated":true}]}}