{"id":22477,"date":"2014-09-18T13:02:44","date_gmt":"2014-09-18T18:02:44","guid":{"rendered":"http:\/\/www.ambiente.gob.ec\/?p=22477"},"modified":"2014-09-18T13:02:44","modified_gmt":"2014-09-18T18:02:44","slug":"35-comuneros-participaron-en-el-taller-sobre-restauracion-forestal-en-cahuasqui","status":"publish","type":"post","link":"https:\/\/www.ambienteyenergia.gob.ec\/ambiente\/35-comuneros-participaron-en-el-taller-sobre-restauracion-forestal-en-cahuasqui\/","title":{"rendered":"35 comuneros participaron en el  Taller sobre Restauraci\u00f3n Forestal en Cahuasqui"},"content":{"rendered":"<p style=\"text-align: justify;\">El pasado mi\u00e9rcoles 17 de septiembre, en el coliseo del GAD parroquial Cahuasqui, el Ministerio del Ambiente, a trav\u00e9s de la Direcci\u00f3n Provincial del Ambiente de Imbabura, realiz\u00f3 el Taller sobre el Programa Nacional de Restauraci\u00f3n Forestal.<\/p>\n<p style=\"text-align: justify;\">\n<p style=\"text-align: justify;\">Alrededor de 35 personas, entre ellos los l\u00edderes comunitarios participaron en esta jornadas en la que se trataron temas como la importancia de restaurar el ecosistema y el paisaje natural, mismos que se han sido deteriorados por la deforestaci\u00f3n.<\/p>\n<p style=\"text-align: justify;\">\n<p style=\"text-align: justify;\">Los habitantes de esta importante parroquia de la provincia de Imbabura mostraron gran expectativa e inter\u00e9s por las acciones y objetivos que se plantea este Programa y el incentivo otorgado por el Gobierno Nacional.<\/p>\n<p style=\"text-align: justify;\">\n<p style=\"text-align: justify;\">Al final del taller, la mayor\u00eda de los asistentes se comprometi\u00f3 a participar en el Plan Nacional de Restauraci\u00f3n Forestal con sus predios, y se acord\u00f3 realizar otra reuni\u00f3n con todos los interesados para finiquitar el ingreso al Programa.<\/p>\n","protected":false},"excerpt":{"rendered":"<p class=\"excerpt\">El pasado mi\u00e9rcoles 17 de septiembre, en el coliseo del GAD parroquial Cahuasqui, el Ministerio del Ambiente, a trav\u00e9s de la Direcci\u00f3n Provincial del Ambiente de Imbabura, realiz\u00f3 el Taller sobre el Programa Nacional de Restauraci\u00f3n Forestal. Alrededor de 35 personas, entre ellos los l\u00edderes comunitarios participaron en esta jornadas en la que se trataron temas como la importancia de&hellip; <a href=\"https:\/\/www.ambienteyenergia.gob.ec\/ambiente\/35-comuneros-participaron-en-el-taller-sobre-restauracion-forestal-en-cahuasqui\/\">Read more &rarr;<\/a><\/p>\n","protected":false},"author":13,"featured_media":22478,"comment_status":"open","ping_status":"open","sticky":false,"template":"","format":"standard","meta":{"footnotes":""},"categories":[16,4],"tags":[],"class_list":["post-22477","post","type-post","status-publish","format-standard","has-post-thumbnail","hentry","category-comunicamos","category-noticias","xfolkentry"],"_links":{"self":[{"href":"https:\/\/www.ambienteyenergia.gob.ec\/ambiente\/wp-json\/wp\/v2\/posts\/22477","targetHints":{"allow":["GET"]}}],"collection":[{"href":"https:\/\/www.ambienteyenergia.gob.ec\/ambiente\/wp-json\/wp\/v2\/posts"}],"about":[{"href":"https:\/\/www.ambienteyenergia.gob.ec\/ambiente\/wp-json\/wp\/v2\/types\/post"}],"author":[{"embeddable":true,"href":"https:\/\/www.ambienteyenergia.gob.ec\/ambiente\/wp-json\/wp\/v2\/users\/13"}],"replies":[{"embeddable":true,"href":"https:\/\/www.ambienteyenergia.gob.ec\/ambiente\/wp-json\/wp\/v2\/comments?post=22477"}],"version-history":[{"count":0,"href":"https:\/\/www.ambienteyenergia.gob.ec\/ambiente\/wp-json\/wp\/v2\/posts\/22477\/revisions"}],"wp:featuredmedia":[{"embeddable":true,"href":"https:\/\/www.ambienteyenergia.gob.ec\/ambiente\/wp-json\/wp\/v2\/media\/22478"}],"wp:attachment":[{"href":"https:\/\/www.ambienteyenergia.gob.ec\/ambiente\/wp-json\/wp\/v2\/media?parent=22477"}],"wp:term":[{"taxonomy":"category","embeddable":true,"href":"https:\/\/www.ambienteyenergia.gob.ec\/ambiente\/wp-json\/wp\/v2\/categories?post=22477"},{"taxonomy":"post_tag","embeddable":true,"href":"https:\/\/www.ambienteyenergia.gob.ec\/ambiente\/wp-json\/wp\/v2\/tags?post=22477"}],"curies":[{"name":"wp","href":"https:\/\/api.w.org\/{rel}","templated":true}]}}