{"id":22466,"date":"2014-09-18T09:30:16","date_gmt":"2014-09-18T14:30:16","guid":{"rendered":"http:\/\/www.ambiente.gob.ec\/?p=22466"},"modified":"2014-09-18T09:30:16","modified_gmt":"2014-09-18T14:30:16","slug":"mae-participo-en-el-taller-de-negociacion-preparatorio-regional-para-los-puntos-focales-de-america-latina-previo-a-la-cop-11-de-la-cms","status":"publish","type":"post","link":"https:\/\/www.ambienteyenergia.gob.ec\/ambiente\/mae-participo-en-el-taller-de-negociacion-preparatorio-regional-para-los-puntos-focales-de-america-latina-previo-a-la-cop-11-de-la-cms\/","title":{"rendered":"MAE particip\u00f3 en el taller de Negociaci\u00f3n Preparatorio Regional para los Puntos Focales de Am\u00e9rica Latina previo a la COP 11 de la CMS"},"content":{"rendered":"<p style=\"text-align: justify;\">La Secretar\u00eda del Programa de Naciones Unidas para el Medio Ambiente (PNUMA-CMS) en cooperaci\u00f3n con el Ministerio de Relaciones Exteriores de Chile, organiz\u00f3 un taller preparatorio de negociaci\u00f3n regional realizado el pasado 11 agosto en Santiago de Chile.<\/p>\n<p>Durante tres d\u00edas, del 11 al 13 de agosto, se desarrollaron varias jornadas de trabajo con el objetivo principal de analizar y discutir sobre los principales puntos y documentos de la Conferencia de las Partes (COP 11) con los Puntos Focales Nacionales (PFN) de la regi\u00f3n de Am\u00e9rica Latina, con el fin de proporcionar una perspectiva mejorada, ofreciendo enfoque ascendente y descendente sobre la implementaci\u00f3n de la Convenci\u00f3n.<\/p>\n<p>En el Taller preparatorio pre-COP11, en la cual particip\u00f3 el punto focal t\u00e9cnico nacional y un funcionario de la Unidad de Gesti\u00f3n Internacional del Ministerio del Ambiente de Ecuador (MAE), se fortaleci\u00f3 la capacitaci\u00f3n, brindando a los participantes las t\u00e9cnicas de negociaci\u00f3n y entrenamiento de habilidades necesarias para desempe\u00f1ar sus funciones como Puntos Focales en la pr\u00f3xima COP, as\u00ed como en futuras reuniones de otros Acuerdos para el Medio Ambiente.<\/p>\n<p>Esta reuni\u00f3n forma parte de una iniciativa m\u00e1s amplia impulsada por el programa tem\u00e1tico para el Medio Ambiente y Gesti\u00f3n sostenible de los recursos naturales, incluida la energ\u00eda (ENRTP). Se centra, adem\u00e1s en el fortalecimiento de la presencia de los pa\u00edses en desarrollo en las actividades de la Convenci\u00f3n sobre la conservaci\u00f3n de las especies migratorias de animales silvestres (CMS), esperando como resultado mejorar la participaci\u00f3n de los PFN de Am\u00e9rica Latina durante la COP11, asegurando que est\u00e9n\u00a0 informados y capacitados para la negociaci\u00f3n antes y durante la conferencia.<\/p>\n","protected":false},"excerpt":{"rendered":"<p class=\"excerpt\">La Secretar\u00eda del Programa de Naciones Unidas para el Medio Ambiente (PNUMA-CMS) en cooperaci\u00f3n con el Ministerio de Relaciones Exteriores de Chile, organiz\u00f3 un taller preparatorio de negociaci\u00f3n regional realizado el pasado 11 agosto en Santiago de Chile. Durante tres d\u00edas, del 11 al 13 de agosto, se desarrollaron varias jornadas de trabajo con el objetivo principal de analizar y&hellip; <a href=\"https:\/\/www.ambienteyenergia.gob.ec\/ambiente\/mae-participo-en-el-taller-de-negociacion-preparatorio-regional-para-los-puntos-focales-de-america-latina-previo-a-la-cop-11-de-la-cms\/\">Read more &rarr;<\/a><\/p>\n","protected":false},"author":13,"featured_media":22467,"comment_status":"open","ping_status":"open","sticky":false,"template":"","format":"standard","meta":{"footnotes":""},"categories":[16,4],"tags":[],"class_list":["post-22466","post","type-post","status-publish","format-standard","has-post-thumbnail","hentry","category-comunicamos","category-noticias","xfolkentry"],"_links":{"self":[{"href":"https:\/\/www.ambienteyenergia.gob.ec\/ambiente\/wp-json\/wp\/v2\/posts\/22466","targetHints":{"allow":["GET"]}}],"collection":[{"href":"https:\/\/www.ambienteyenergia.gob.ec\/ambiente\/wp-json\/wp\/v2\/posts"}],"about":[{"href":"https:\/\/www.ambienteyenergia.gob.ec\/ambiente\/wp-json\/wp\/v2\/types\/post"}],"author":[{"embeddable":true,"href":"https:\/\/www.ambienteyenergia.gob.ec\/ambiente\/wp-json\/wp\/v2\/users\/13"}],"replies":[{"embeddable":true,"href":"https:\/\/www.ambienteyenergia.gob.ec\/ambiente\/wp-json\/wp\/v2\/comments?post=22466"}],"version-history":[{"count":0,"href":"https:\/\/www.ambienteyenergia.gob.ec\/ambiente\/wp-json\/wp\/v2\/posts\/22466\/revisions"}],"wp:featuredmedia":[{"embeddable":true,"href":"https:\/\/www.ambienteyenergia.gob.ec\/ambiente\/wp-json\/wp\/v2\/media\/22467"}],"wp:attachment":[{"href":"https:\/\/www.ambienteyenergia.gob.ec\/ambiente\/wp-json\/wp\/v2\/media?parent=22466"}],"wp:term":[{"taxonomy":"category","embeddable":true,"href":"https:\/\/www.ambienteyenergia.gob.ec\/ambiente\/wp-json\/wp\/v2\/categories?post=22466"},{"taxonomy":"post_tag","embeddable":true,"href":"https:\/\/www.ambienteyenergia.gob.ec\/ambiente\/wp-json\/wp\/v2\/tags?post=22466"}],"curies":[{"name":"wp","href":"https:\/\/api.w.org\/{rel}","templated":true}]}}