{"id":22463,"date":"2014-09-17T16:29:32","date_gmt":"2014-09-17T21:29:32","guid":{"rendered":"http:\/\/www.ambiente.gob.ec\/?p=22463"},"modified":"2014-09-17T16:29:32","modified_gmt":"2014-09-17T21:29:32","slug":"mae-rescato-y-reinserto-en-su-habitat-natural-a-boa-arcoiris-en-zamora","status":"publish","type":"post","link":"https:\/\/www.ambienteyenergia.gob.ec\/ambiente\/mae-rescato-y-reinserto-en-su-habitat-natural-a-boa-arcoiris-en-zamora\/","title":{"rendered":"MAE rescat\u00f3 y reinsert\u00f3 en su h\u00e1bitat natural a boa arco\u00edris en Zamora"},"content":{"rendered":"<p style=\"text-align: justify;\">El pasado lunes, el Ministerio del Ambiente (MAE), a trav\u00e9s de la Direcci\u00f3n Provincial de Zamora Chinchipe, liber\u00f3 en su h\u00e1bitat natural a un ejemplar hembra de boa arco\u00edris (<em>Epicrates cenchria)<\/em>, luego de haber sido restada en el sector Pita Alto del cant\u00f3n Yantzaza.<\/p>\n<p style=\"text-align: justify;\">\n<p style=\"text-align: justify;\">En atenci\u00f3n a una llamada telef\u00f3nica del ECU 911, funcionarios de esta Cartera de Estado, junto con polic\u00edas de la Unidad de Protecci\u00f3n de Medio Ambiente (UPMA) y un herpet\u00f3logo rescataron a este esp\u00e9cimen de vida silvestre de aproximadamente 10 o 12 a\u00f1os de edad, 2 kg de peso y 116 cm de largo.<\/p>\n<p style=\"text-align: justify;\">\n<p style=\"text-align: justify;\">Una vez realizada la entrega voluntaria por parte del ciudadano, seg\u00fan quien el animal fue encontrado mientras realizaba labores de limpieza en su finca, la boa fue trasladada al cant\u00f3n Zamora, donde se le realiz\u00f3 un diagn\u00f3stico general, por parte del herpet\u00f3logo.<\/p>\n<p style=\"text-align: justify;\">\n<p style=\"text-align: justify;\">Con esta revisi\u00f3n m\u00e9dica se constat\u00f3 el buen estado de salud del esp\u00e9cimen, y finalmente se la reinsert\u00f3 en la reserva Maycu, (parroquia Zurmi Cant\u00f3n Nangaritza), zona de influencia del Parque Nacional Podocarpus.<\/p>\n","protected":false},"excerpt":{"rendered":"<p class=\"excerpt\">El pasado lunes, el Ministerio del Ambiente (MAE), a trav\u00e9s de la Direcci\u00f3n Provincial de Zamora Chinchipe, liber\u00f3 en su h\u00e1bitat natural a un ejemplar hembra de boa arco\u00edris (Epicrates cenchria), luego de haber sido restada en el sector Pita Alto del cant\u00f3n Yantzaza. En atenci\u00f3n a una llamada telef\u00f3nica del ECU 911, funcionarios de esta Cartera de Estado, junto&hellip; <a href=\"https:\/\/www.ambienteyenergia.gob.ec\/ambiente\/mae-rescato-y-reinserto-en-su-habitat-natural-a-boa-arcoiris-en-zamora\/\">Read more &rarr;<\/a><\/p>\n","protected":false},"author":13,"featured_media":22464,"comment_status":"open","ping_status":"open","sticky":false,"template":"","format":"standard","meta":{"footnotes":""},"categories":[16,4],"tags":[],"class_list":["post-22463","post","type-post","status-publish","format-standard","has-post-thumbnail","hentry","category-comunicamos","category-noticias","xfolkentry"],"_links":{"self":[{"href":"https:\/\/www.ambienteyenergia.gob.ec\/ambiente\/wp-json\/wp\/v2\/posts\/22463","targetHints":{"allow":["GET"]}}],"collection":[{"href":"https:\/\/www.ambienteyenergia.gob.ec\/ambiente\/wp-json\/wp\/v2\/posts"}],"about":[{"href":"https:\/\/www.ambienteyenergia.gob.ec\/ambiente\/wp-json\/wp\/v2\/types\/post"}],"author":[{"embeddable":true,"href":"https:\/\/www.ambienteyenergia.gob.ec\/ambiente\/wp-json\/wp\/v2\/users\/13"}],"replies":[{"embeddable":true,"href":"https:\/\/www.ambienteyenergia.gob.ec\/ambiente\/wp-json\/wp\/v2\/comments?post=22463"}],"version-history":[{"count":0,"href":"https:\/\/www.ambienteyenergia.gob.ec\/ambiente\/wp-json\/wp\/v2\/posts\/22463\/revisions"}],"wp:featuredmedia":[{"embeddable":true,"href":"https:\/\/www.ambienteyenergia.gob.ec\/ambiente\/wp-json\/wp\/v2\/media\/22464"}],"wp:attachment":[{"href":"https:\/\/www.ambienteyenergia.gob.ec\/ambiente\/wp-json\/wp\/v2\/media?parent=22463"}],"wp:term":[{"taxonomy":"category","embeddable":true,"href":"https:\/\/www.ambienteyenergia.gob.ec\/ambiente\/wp-json\/wp\/v2\/categories?post=22463"},{"taxonomy":"post_tag","embeddable":true,"href":"https:\/\/www.ambienteyenergia.gob.ec\/ambiente\/wp-json\/wp\/v2\/tags?post=22463"}],"curies":[{"name":"wp","href":"https:\/\/api.w.org\/{rel}","templated":true}]}}