{"id":22460,"date":"2014-09-17T16:09:27","date_gmt":"2014-09-17T21:09:27","guid":{"rendered":"http:\/\/www.ambiente.gob.ec\/?p=22460"},"modified":"2014-09-17T16:09:27","modified_gmt":"2014-09-17T21:09:27","slug":"mae-socializo-manejo-de-basura-inorganico-en-la-comunidad-de-pinan-imbabura","status":"publish","type":"post","link":"https:\/\/www.ambienteyenergia.gob.ec\/ambiente\/mae-socializo-manejo-de-basura-inorganico-en-la-comunidad-de-pinan-imbabura\/","title":{"rendered":"MAE socializ\u00f3 manejo de basura inorg\u00e1nico en la comunidad de Pi\u00f1an-Imbabura"},"content":{"rendered":"<p style=\"text-align: justify;\">El pasado lunes, Ministerio del Ambiente (MAE), a trav\u00e9s de la Reserva Ecol\u00f3gica Cotacachi Cayapas \u2013 Distrito Pi\u00f1an, realiz\u00f3 la capacitaci\u00f3n de manejo de basura inorg\u00e1nica en la Comunidad de Pi\u00f1an, parroquia de Imantag Cant\u00f3n Cotacachi.<\/p>\n<p>El evento cont\u00f3 con la participaci\u00f3n de 31 comuneros que se encuentran dentro de esta zona. La finalidad de esta actividad es crear conciencia en la comunidad, haciendo un enfoque en\u00a0 los da\u00f1os que ocasiona la basura en los r\u00edos y en las v\u00edas, as\u00ed como tambi\u00e9n el aspecto que se da a los turistas que visitan\u00a0 a diario estaos lugares.<\/p>\n<p>La socializaci\u00f3n concluy\u00f3 con el compromiso de replicar lo aprendido a sus familias y de esta manera fortalecer la capacitaci\u00f3n. Con estas charlas la Cartera de Ambiente\u00a0 fortalece todas acciones que emprende en pro del bienestar y desarrollo de las futuras generaciones.<\/p>\n","protected":false},"excerpt":{"rendered":"<p class=\"excerpt\">El pasado lunes, Ministerio del Ambiente (MAE), a trav\u00e9s de la Reserva Ecol\u00f3gica Cotacachi Cayapas \u2013 Distrito Pi\u00f1an, realiz\u00f3 la capacitaci\u00f3n de manejo de basura inorg\u00e1nica en la Comunidad de Pi\u00f1an, parroquia de Imantag Cant\u00f3n Cotacachi. El evento cont\u00f3 con la participaci\u00f3n de 31 comuneros que se encuentran dentro de esta zona. La finalidad de esta actividad es crear conciencia&hellip; <a href=\"https:\/\/www.ambienteyenergia.gob.ec\/ambiente\/mae-socializo-manejo-de-basura-inorganico-en-la-comunidad-de-pinan-imbabura\/\">Read more &rarr;<\/a><\/p>\n","protected":false},"author":13,"featured_media":22461,"comment_status":"open","ping_status":"open","sticky":false,"template":"","format":"standard","meta":{"footnotes":""},"categories":[16,4],"tags":[],"class_list":["post-22460","post","type-post","status-publish","format-standard","has-post-thumbnail","hentry","category-comunicamos","category-noticias","xfolkentry"],"_links":{"self":[{"href":"https:\/\/www.ambienteyenergia.gob.ec\/ambiente\/wp-json\/wp\/v2\/posts\/22460","targetHints":{"allow":["GET"]}}],"collection":[{"href":"https:\/\/www.ambienteyenergia.gob.ec\/ambiente\/wp-json\/wp\/v2\/posts"}],"about":[{"href":"https:\/\/www.ambienteyenergia.gob.ec\/ambiente\/wp-json\/wp\/v2\/types\/post"}],"author":[{"embeddable":true,"href":"https:\/\/www.ambienteyenergia.gob.ec\/ambiente\/wp-json\/wp\/v2\/users\/13"}],"replies":[{"embeddable":true,"href":"https:\/\/www.ambienteyenergia.gob.ec\/ambiente\/wp-json\/wp\/v2\/comments?post=22460"}],"version-history":[{"count":0,"href":"https:\/\/www.ambienteyenergia.gob.ec\/ambiente\/wp-json\/wp\/v2\/posts\/22460\/revisions"}],"wp:featuredmedia":[{"embeddable":true,"href":"https:\/\/www.ambienteyenergia.gob.ec\/ambiente\/wp-json\/wp\/v2\/media\/22461"}],"wp:attachment":[{"href":"https:\/\/www.ambienteyenergia.gob.ec\/ambiente\/wp-json\/wp\/v2\/media?parent=22460"}],"wp:term":[{"taxonomy":"category","embeddable":true,"href":"https:\/\/www.ambienteyenergia.gob.ec\/ambiente\/wp-json\/wp\/v2\/categories?post=22460"},{"taxonomy":"post_tag","embeddable":true,"href":"https:\/\/www.ambienteyenergia.gob.ec\/ambiente\/wp-json\/wp\/v2\/tags?post=22460"}],"curies":[{"name":"wp","href":"https:\/\/api.w.org\/{rel}","templated":true}]}}