{"id":22457,"date":"2014-09-17T15:13:16","date_gmt":"2014-09-17T20:13:16","guid":{"rendered":"http:\/\/www.ambiente.gob.ec\/?p=22457"},"modified":"2014-09-17T15:13:16","modified_gmt":"2014-09-17T20:13:16","slug":"xviii-reunion-del-consejo-cientifico-de-la-cms","status":"publish","type":"post","link":"https:\/\/www.ambienteyenergia.gob.ec\/ambiente\/xviii-reunion-del-consejo-cientifico-de-la-cms\/","title":{"rendered":"XVIII Reuni\u00f3n del Consejo Cient\u00edfico de la CMS"},"content":{"rendered":"<p style=\"text-align: justify;\">El 01 y 03 de julio de 2014, se realiz\u00f3 la d\u00e9cimo octava Reuni\u00f3n del Consejo Cient\u00edfico de la CMS ,en la ciudad de Bonn, Alemania, sede de la Secretaria de la Convenci\u00f3n.<\/p>\n<p style=\"text-align: justify;\">Durante jornada, se realizaron recomendaciones para la implementaci\u00f3n de las resoluciones de la Convenci\u00f3n y se abordaron temas claves como la inclusi\u00f3n de nuevas especies en los Ap\u00e9ndices I y II.<\/p>\n<p style=\"text-align: justify;\">Las propuestas formuladas por las partes para especies claves como el Le\u00f3n, el Oso Polar, Manta Rayas, Tiburones Martillos, Peces Sierra, Tibur\u00f3n Sedoso y otros, fueron revisadas en grupos de trabajo liderados por especialistas y se formularon recomendaciones para su adopci\u00f3n en la pr\u00f3xima COP 11 que se celebrar\u00e1 del 4 al 9 de noviembre en Quito, Ecuador.<\/p>\n<p style=\"text-align: justify;\">El Consejo Cient\u00edfico tambi\u00e9n revis\u00f3 los Planes de Acci\u00f3n de grupos taxon\u00f3micos como las Aves Migratorias Terrestres de Eurasia, la Tortuga Careta, la oveja Argali y el Halc\u00f3n de Sacre, todos los cuales fueron recomendados para su adopci\u00f3n en la pr\u00f3xima COP11.<\/p>\n<p style=\"text-align: justify;\">Entre los t\u00f3picos claves de la agenda se discuti\u00f3 sobre las energ\u00edas renovables, el Consejo Cient\u00edfico revis\u00f3 los Reportes T\u00e9cnicos de Consultores y las Directrices desarrolladas para minimizar los efectos negativos de la implementaci\u00f3n de energ\u00edas renovables sobre las especies migratorias y se hicieron recomendaciones para su adopci\u00f3n en la pr\u00f3xima COP11.<\/p>\n<p style=\"text-align: justify;\">Asimismo, se discutieron temas clave institucionales, tales como el Plan Estrat\u00e9gico de las Especies Migratorias y el futuro de la estructura del mismo Consejo Cient\u00edfico.<\/p>\n<p style=\"text-align: justify;\">En los momentos actuales, cuando las especies migratorias se ven amenazadas por las distintas presiones, el Consejo Cient\u00edfico abre el camino a la pr\u00f3xima COP11 donde se decidir\u00e1 el futuro de las especies migratorias y sus h\u00e1bitats.<\/p>\n","protected":false},"excerpt":{"rendered":"<p class=\"excerpt\">El 01 y 03 de julio de 2014, se realiz\u00f3 la d\u00e9cimo octava Reuni\u00f3n del Consejo Cient\u00edfico de la CMS ,en la ciudad de Bonn, Alemania, sede de la Secretaria de la Convenci\u00f3n. Durante jornada, se realizaron recomendaciones para la implementaci\u00f3n de las resoluciones de la Convenci\u00f3n y se abordaron temas claves como la inclusi\u00f3n de nuevas especies en los&hellip; <a href=\"https:\/\/www.ambienteyenergia.gob.ec\/ambiente\/xviii-reunion-del-consejo-cientifico-de-la-cms\/\">Read more &rarr;<\/a><\/p>\n","protected":false},"author":13,"featured_media":22458,"comment_status":"open","ping_status":"open","sticky":false,"template":"","format":"standard","meta":{"footnotes":""},"categories":[16,4],"tags":[],"class_list":["post-22457","post","type-post","status-publish","format-standard","has-post-thumbnail","hentry","category-comunicamos","category-noticias","xfolkentry"],"_links":{"self":[{"href":"https:\/\/www.ambienteyenergia.gob.ec\/ambiente\/wp-json\/wp\/v2\/posts\/22457","targetHints":{"allow":["GET"]}}],"collection":[{"href":"https:\/\/www.ambienteyenergia.gob.ec\/ambiente\/wp-json\/wp\/v2\/posts"}],"about":[{"href":"https:\/\/www.ambienteyenergia.gob.ec\/ambiente\/wp-json\/wp\/v2\/types\/post"}],"author":[{"embeddable":true,"href":"https:\/\/www.ambienteyenergia.gob.ec\/ambiente\/wp-json\/wp\/v2\/users\/13"}],"replies":[{"embeddable":true,"href":"https:\/\/www.ambienteyenergia.gob.ec\/ambiente\/wp-json\/wp\/v2\/comments?post=22457"}],"version-history":[{"count":0,"href":"https:\/\/www.ambienteyenergia.gob.ec\/ambiente\/wp-json\/wp\/v2\/posts\/22457\/revisions"}],"wp:featuredmedia":[{"embeddable":true,"href":"https:\/\/www.ambienteyenergia.gob.ec\/ambiente\/wp-json\/wp\/v2\/media\/22458"}],"wp:attachment":[{"href":"https:\/\/www.ambienteyenergia.gob.ec\/ambiente\/wp-json\/wp\/v2\/media?parent=22457"}],"wp:term":[{"taxonomy":"category","embeddable":true,"href":"https:\/\/www.ambienteyenergia.gob.ec\/ambiente\/wp-json\/wp\/v2\/categories?post=22457"},{"taxonomy":"post_tag","embeddable":true,"href":"https:\/\/www.ambienteyenergia.gob.ec\/ambiente\/wp-json\/wp\/v2\/tags?post=22457"}],"curies":[{"name":"wp","href":"https:\/\/api.w.org\/{rel}","templated":true}]}}