{"id":22454,"date":"2014-09-17T15:11:30","date_gmt":"2014-09-17T20:11:30","guid":{"rendered":"http:\/\/www.ambiente.gob.ec\/?p=22454"},"modified":"2014-09-17T15:11:30","modified_gmt":"2014-09-17T20:11:30","slug":"mae-capacita-sobre-adaptacion-al-cambio-climatico-en-la-comunidad-de-tamboloma","status":"publish","type":"post","link":"https:\/\/www.ambienteyenergia.gob.ec\/ambiente\/mae-capacita-sobre-adaptacion-al-cambio-climatico-en-la-comunidad-de-tamboloma\/","title":{"rendered":"MAE capacita sobre adaptaci\u00f3n al cambio clim\u00e1tico en la comunidad de Tamboloma"},"content":{"rendered":"<p lang=\"es-EC\" style=\"margin-bottom: 0cm;\" align=\"JUSTIFY\"><a name=\"_GoBack\"><\/a> El Ministerio del Ambiente de Ecuador (MAE), a trav\u00e9s de la Subsecretar\u00eda de Cambio Clim\u00e1tico, organiz\u00f3 un taller de capacitaci\u00f3n en la comunidad de Tamboloma, provincia de Tungurahua, para presentar la rese\u00f1a de actividades realizadas para la restauraci\u00f3n de p\u00e1ramos y cuidado del suelo, y la importancia de conservar las funciones del ecosistema para enfrentar el cambio clim\u00e1tico.<\/p>\n<p lang=\"es-EC\" style=\"margin-bottom: 0cm;\" align=\"JUSTIFY\">\n<p lang=\"es-EC\" style=\"margin-bottom: 0cm;\" align=\"JUSTIFY\">El evento, que cont\u00f3 con la presencia de m\u00e1s de 100 miembros de la comunidad de Tamboloma, se realiz\u00f3 en el marco del cierre del Proyecto Gesti\u00f3n para la Adaptaci\u00f3n del Cambio Clim\u00e1tico para reducir la vulnerabilidad econ\u00f3mica, ambiental y social del Ecuador (GACC). La jornada inici\u00f3 con una introducci\u00f3n sobre las evidencias de cambio clim\u00e1tico y el v\u00ednculo directo sobre nuestros recursos naturales.<\/p>\n<p lang=\"es-EC\" style=\"margin-bottom: 0cm;\" align=\"JUSTIFY\">\n<p lang=\"es-EC\" style=\"margin-bottom: 0cm;\" align=\"JUSTIFY\">Adicionalmente, se present\u00f3 un resumen de las actividades realizadas por el proyecto GACC, entre las que se destacan el taller de percepci\u00f3n para identificar evidencias de cambio clim\u00e1tico en el ecosistema de Tamboloma; el estudio de suelo, calidad del agua y vegetaci\u00f3n; la siembra de \u00e1rboles por medio de mingas de revegetaci\u00f3n; la entrega de semillas para mejorar la calidad del pasto y el fortalecimiento de capacidades para evitar el sobrepastoreo y fomentar la protecci\u00f3n de la vegetaci\u00f3n.<\/p>\n<p lang=\"es-EC\" style=\"margin-bottom: 0cm;\" align=\"JUSTIFY\">\n<p lang=\"es-EC\" style=\"margin-bottom: 0cm;\" align=\"JUSTIFY\">Con el proyecto GACC se consigui\u00f3 un incremento de la capa vegetal, sobre todo en zonas como Yatzaputzan donde se redujo considerablemente el pastoreo. Las acciones implementadas en la comunidad representan una experiencia aprendida, la importancia de incorporar medidas adicionales como incentivos, asesor\u00eda t\u00e9cnica, capacitaciones y monitoreo, para asegurar el cuidado del p\u00e1ramo por parte de las comunidades quienes mantienen como fuente primaria de ingresos la ganader\u00eda, en particular la producci\u00f3n lechera.<\/p>\n<p lang=\"es-EC\" style=\"margin-bottom: 0cm;\" align=\"JUSTIFY\">\n<p lang=\"es-EC\" style=\"margin-bottom: 0cm;\" align=\"JUSTIFY\">En ese sentido se vuelve fundamental promover la diversificaci\u00f3n de la econom\u00eda de la comunidad, de tal manera que los servicios provistos por el ecosistema alto-andino no se vean afectados por pr\u00e1cticas de uso del suelo insostenibles y con bajo retorno econ\u00f3mico para la comunidad.<\/p>\n<p lang=\"es-EC\" style=\"margin-bottom: 0cm;\" align=\"JUSTIFY\">\n<p lang=\"es-EC\" style=\"margin-bottom: 0cm;\" align=\"JUSTIFY\">Por otro lado, el diagn\u00f3stico realizado por el Proyecto GACC indica que la introducci\u00f3n de especies ex\u00f3ticas como pinos o cipreses han degradado la calidad del suelo y generado \u00edndices elevados de hierro. Con el fin de apoyar a los peque\u00f1os productores a recuperar el equilibrio natural de la tierra, se presentaron algunos consejos agro-ecol\u00f3gicos con el fin de mejorar la eficiencia en la producci\u00f3n agr\u00edcola, apoyar la regeneraci\u00f3n del ecosistema, y reducir la huella ambiental de las pr\u00e1cticas agropecuarias.<\/p>\n","protected":false},"excerpt":{"rendered":"<p class=\"excerpt\">El Ministerio del Ambiente de Ecuador (MAE), a trav\u00e9s de la Subsecretar\u00eda de Cambio Clim\u00e1tico, organiz\u00f3 un taller de capacitaci\u00f3n en la comunidad de Tamboloma, provincia de Tungurahua, para presentar la rese\u00f1a de actividades realizadas para la restauraci\u00f3n de p\u00e1ramos y cuidado del suelo, y la importancia de conservar las funciones del ecosistema para enfrentar el cambio clim\u00e1tico. El evento,&hellip; <a href=\"https:\/\/www.ambienteyenergia.gob.ec\/ambiente\/mae-capacita-sobre-adaptacion-al-cambio-climatico-en-la-comunidad-de-tamboloma\/\">Read more &rarr;<\/a><\/p>\n","protected":false},"author":13,"featured_media":22455,"comment_status":"open","ping_status":"open","sticky":false,"template":"","format":"standard","meta":{"footnotes":""},"categories":[16,4],"tags":[],"class_list":["post-22454","post","type-post","status-publish","format-standard","has-post-thumbnail","hentry","category-comunicamos","category-noticias","xfolkentry"],"_links":{"self":[{"href":"https:\/\/www.ambienteyenergia.gob.ec\/ambiente\/wp-json\/wp\/v2\/posts\/22454","targetHints":{"allow":["GET"]}}],"collection":[{"href":"https:\/\/www.ambienteyenergia.gob.ec\/ambiente\/wp-json\/wp\/v2\/posts"}],"about":[{"href":"https:\/\/www.ambienteyenergia.gob.ec\/ambiente\/wp-json\/wp\/v2\/types\/post"}],"author":[{"embeddable":true,"href":"https:\/\/www.ambienteyenergia.gob.ec\/ambiente\/wp-json\/wp\/v2\/users\/13"}],"replies":[{"embeddable":true,"href":"https:\/\/www.ambienteyenergia.gob.ec\/ambiente\/wp-json\/wp\/v2\/comments?post=22454"}],"version-history":[{"count":0,"href":"https:\/\/www.ambienteyenergia.gob.ec\/ambiente\/wp-json\/wp\/v2\/posts\/22454\/revisions"}],"wp:featuredmedia":[{"embeddable":true,"href":"https:\/\/www.ambienteyenergia.gob.ec\/ambiente\/wp-json\/wp\/v2\/media\/22455"}],"wp:attachment":[{"href":"https:\/\/www.ambienteyenergia.gob.ec\/ambiente\/wp-json\/wp\/v2\/media?parent=22454"}],"wp:term":[{"taxonomy":"category","embeddable":true,"href":"https:\/\/www.ambienteyenergia.gob.ec\/ambiente\/wp-json\/wp\/v2\/categories?post=22454"},{"taxonomy":"post_tag","embeddable":true,"href":"https:\/\/www.ambienteyenergia.gob.ec\/ambiente\/wp-json\/wp\/v2\/tags?post=22454"}],"curies":[{"name":"wp","href":"https:\/\/api.w.org\/{rel}","templated":true}]}}