{"id":22451,"date":"2014-09-17T13:00:57","date_gmt":"2014-09-17T18:00:57","guid":{"rendered":"http:\/\/www.ambiente.gob.ec\/?p=22451"},"modified":"2014-09-17T13:00:57","modified_gmt":"2014-09-17T18:00:57","slug":"mae-promueve-finanzas-sostenibles-en-el-pais","status":"publish","type":"post","link":"https:\/\/www.ambienteyenergia.gob.ec\/ambiente\/mae-promueve-finanzas-sostenibles-en-el-pais\/","title":{"rendered":"MAE promueve Finanzas Sostenibles en el pa\u00eds"},"content":{"rendered":"<p style=\"text-align: justify;\">El Ministerio del Ambiente de Ecuador (MAE), a trav\u00e9s de la Subsecretar\u00eda de Cambio Clim\u00e1tico particip\u00f3 en la inauguraci\u00f3n del Seminario Finanzas Sostenibles, organizado por el Banco de Desarrollo de Am\u00e9rica Latina (CAF) y la Iniciativa Financiera del Programa de Naciones Unidas para el Desarrollo (UNEP FI), que se desarroll\u00f3 en la ciudad de Quito, el pasado mi\u00e9rcoles.<\/p>\n<p>El prop\u00f3sito del seminario, el cual continu\u00f3 los d\u00edas 11 y 12 de septiembre, fue el establecer un espacio de di\u00e1logo para la formulaci\u00f3n de pol\u00edticas p\u00fablicas, con la presencia de actores relevantes en el \u00e1mbito financiero e interesados en generar un sistema financiero sostenible en el pa\u00eds<\/p>\n<p>El Subsecretario de Cambio Clim\u00e1tico, Andr\u00e9s Hubenthal, dio la bienvenida recalcando la importancia de impulsar finanzas sostenibles desde el sector financiero con el fin de asegurar un uso responsable de los recursos y de esta manera contribuir a la mitigaci\u00f3n del cambio clim\u00e1tico en el Ecuador.<\/p>\n<p>El evento, adem\u00e1s, cont\u00f3 con la presencia del Superintendente de Bancos y Seguros del Ecuador, Pedro Solines Chac\u00f3n; el Director Representante del CAF en Ecuador, Bernardo Requena; as\u00ed como otros representantes de Organismos No Gubernamentales (ONG), Instituciones P\u00fablicas, Bancos P\u00fablicos y Privados.<\/p>\n<p>Durante la jornada, Gustavo Portaluppi, consultor de UNEP FI, experto en financiamiento sustentable, explic\u00f3 la relaci\u00f3n entre las finanzas y la sustentabilidad. Portaluppi recalc\u00f3 la importancia de transformar a la banca en agentes de cambio para\u00a0 ofrecer un valor agregado a sus clientes y promover un sistema financiero verde.<\/p>\n<p>Este evento, abri\u00f3 un espacio para la generaci\u00f3n de pol\u00edticas orientadas a la transversalizaci\u00f3n de consideraciones de sostenibilidad en el sector financiero.<\/p>\n","protected":false},"excerpt":{"rendered":"<p class=\"excerpt\">El Ministerio del Ambiente de Ecuador (MAE), a trav\u00e9s de la Subsecretar\u00eda de Cambio Clim\u00e1tico particip\u00f3 en la inauguraci\u00f3n del Seminario Finanzas Sostenibles, organizado por el Banco de Desarrollo de Am\u00e9rica Latina (CAF) y la Iniciativa Financiera del Programa de Naciones Unidas para el Desarrollo (UNEP FI), que se desarroll\u00f3 en la ciudad de Quito, el pasado mi\u00e9rcoles. El prop\u00f3sito&hellip; <a href=\"https:\/\/www.ambienteyenergia.gob.ec\/ambiente\/mae-promueve-finanzas-sostenibles-en-el-pais\/\">Read more &rarr;<\/a><\/p>\n","protected":false},"author":13,"featured_media":22452,"comment_status":"open","ping_status":"open","sticky":false,"template":"","format":"standard","meta":{"footnotes":""},"categories":[16,4],"tags":[],"class_list":["post-22451","post","type-post","status-publish","format-standard","has-post-thumbnail","hentry","category-comunicamos","category-noticias","xfolkentry"],"_links":{"self":[{"href":"https:\/\/www.ambienteyenergia.gob.ec\/ambiente\/wp-json\/wp\/v2\/posts\/22451","targetHints":{"allow":["GET"]}}],"collection":[{"href":"https:\/\/www.ambienteyenergia.gob.ec\/ambiente\/wp-json\/wp\/v2\/posts"}],"about":[{"href":"https:\/\/www.ambienteyenergia.gob.ec\/ambiente\/wp-json\/wp\/v2\/types\/post"}],"author":[{"embeddable":true,"href":"https:\/\/www.ambienteyenergia.gob.ec\/ambiente\/wp-json\/wp\/v2\/users\/13"}],"replies":[{"embeddable":true,"href":"https:\/\/www.ambienteyenergia.gob.ec\/ambiente\/wp-json\/wp\/v2\/comments?post=22451"}],"version-history":[{"count":0,"href":"https:\/\/www.ambienteyenergia.gob.ec\/ambiente\/wp-json\/wp\/v2\/posts\/22451\/revisions"}],"wp:featuredmedia":[{"embeddable":true,"href":"https:\/\/www.ambienteyenergia.gob.ec\/ambiente\/wp-json\/wp\/v2\/media\/22452"}],"wp:attachment":[{"href":"https:\/\/www.ambienteyenergia.gob.ec\/ambiente\/wp-json\/wp\/v2\/media?parent=22451"}],"wp:term":[{"taxonomy":"category","embeddable":true,"href":"https:\/\/www.ambienteyenergia.gob.ec\/ambiente\/wp-json\/wp\/v2\/categories?post=22451"},{"taxonomy":"post_tag","embeddable":true,"href":"https:\/\/www.ambienteyenergia.gob.ec\/ambiente\/wp-json\/wp\/v2\/tags?post=22451"}],"curies":[{"name":"wp","href":"https:\/\/api.w.org\/{rel}","templated":true}]}}