{"id":22447,"date":"2014-09-16T18:40:22","date_gmt":"2014-09-16T23:40:22","guid":{"rendered":"http:\/\/www.ambiente.gob.ec\/?p=22447"},"modified":"2014-09-16T18:40:22","modified_gmt":"2014-09-16T23:40:22","slug":"duran-disfruta-de-isla-santay-un-espacio-verde-para-su-distraccion-2","status":"publish","type":"post","link":"https:\/\/www.ambienteyenergia.gob.ec\/ambiente\/duran-disfruta-de-isla-santay-un-espacio-verde-para-su-distraccion-2\/","title":{"rendered":"Dur\u00e1n disfruta de Isla Santay, un espacio verde para su distracci\u00f3n"},"content":{"rendered":"<p style=\"text-align: justify;\">El \u00c1rea Nacional de Recreaci\u00f3n Isla Santay se ha convertido en un espacio predilecto de esparcimiento para los guayaquile\u00f1os y los durane\u00f1os. Ubicada a 800 metros de Guayaquil Isla Santay es uno de los pulmones naturales mas grande del Puerto Principal, cuenta con puente peatonal y ciclov\u00eda; la ecoaldea en donde habitan 246 personas, que desarrollan gu\u00eda tur\u00edstica y brindar servicio de bar dentro de la isla.<\/p>\n<p style=\"text-align: justify;\">Es en este contexto que el Gobierno Central, a trav\u00e9s de varias instituciones p\u00fablicas como el Ministerio del Ambiente, Ministerio de Desarrollo Urbano y Vivienda (MIDUVI), Ministerio de Turismo y el Servicio de Contrataci\u00f3n de Obras, ha invertido cerca de $ 26 millones en la consolidaci\u00f3n de este gran espacio, como un lugar verde y recreativo a pocos minutos de la ciudad.<\/p>\n<p style=\"text-align: justify;\">El Presidente de la Rep\u00fablica Rafael Correa complement\u00f3 esta obra y hoy hizo la inauguraci\u00f3n oficial del segundo puente basculante que une el cant\u00f3n Dur\u00e1n con la ciudad de Guayaquil, a trav\u00e9s de un paso peatonal y ciclov\u00eda que atraviesa la Isla Santay. \u201cCon esta obra emblem\u00e1tica mejoramos la calidad de vida de la poblaci\u00f3n guayaquile\u00f1a, por medio de la consolidaci\u00f3n de la Revoluci\u00f3n Urbana, que busca incluir a todos los sectores de la poblaci\u00f3n en este proyecto de caracter social y ambiental\u201d, enfatiz\u00f3 Correa.<\/p>\n<p style=\"text-align: justify;\">Para fomentar a\u00fan m\u00e1s el turismo ecol\u00f3gico, hoy se realiz\u00f3 la inauguraci\u00f3n de la segunda fase de trabajo que contempla la apertura del puente basculante Dur\u00e1n \u2013 Santay que se integrar\u00e1 como un circuito \u00fanico que conecta, en un recorrido 14 kil\u00f3metros, Guayaquil \u2013 Santay \u2013 Dur\u00e1n. La apertura se realiz\u00f3 con la presencia del Presidente de la Rep\u00fablica, Rafael Correa, quien estuvo acompa\u00f1ado de la Ministra del Ambien, Lorena Tapia, y dem\u00e1s autoridades nacionales.<\/p>\n<p style=\"text-align: justify;\">Roxana Quimi, habitante de Dur\u00e1n, reconoci\u00f3 que esta obra favorecer\u00e1 al desarrollo socioecon\u00f3mico del todo el cant\u00f3n. \u201cLos durane\u00f1os nos sentimos orgullosos de esta gran obra, que hoy nos entrega el Gobierno de la Revoluci\u00f3n Ciudadana, que con esto demuestra su compromiso con un cant\u00f3n tan olvidado como el de Dur\u00e1n, y ayudar\u00e1 adem\u00e1s en la creaci\u00f3n de diversas fuentes de trabajo para el crecimiento local\u201d, finaliz\u00f3 Quimi.<\/p>\n<p style=\"text-align: justify;\">El puente que comienza en el malec\u00f3n de la ciudadela Abel Gilbert, tiene una extensi\u00f3n de 678 de largo, en donde se ha realizado la alineaci\u00f3n e instalaci\u00f3n del sistema mec\u00e1nico, puente basculante encofrado, instalaciones el\u00e9ctricas, cableado para la iluminaci\u00f3n y colocaci\u00f3n de pasamanos. Incluye -adem\u00e1s- se\u00f1alizaci\u00f3n para ciclistas y peatones, siete puntos de descanso con asientos, toldos y tachos con su respectiva clasificaci\u00f3n de desechos.<\/p>\n<p style=\"text-align: justify;\">Por su parte la M\u00e1xima Autoridad Ambiental, Lorena Tapia, agradeci\u00f3 el apoyo de la ciudadan\u00eda durane\u00f1a para poder afianzar este proyecto que tiene como objetivo la recuperaci\u00f3n de espacios emblem\u00e1ticos de la provincia, de enorme biodiversidad a tan solo pocos minutos del casco urbana. \u201cEl compromiso del Gobierno Nacional se consolida, una vez m\u00e1s, con la entrega de esta obra integral, que demuestra el exito de este proyecto ciudadano, que busca el desarrollo social sin descuidar a nuestro patrimonio natural\u201d, recalc\u00f3 Tapia.<\/p>\n<p style=\"text-align: justify;\">Estos esfuerzos del Gobierno de la Revoluci\u00f3n Ciudadana, se suman al Plan Nacional del Buen Vivir 2013 &#8211; 2017 cuyos objetivos plantean el mejoramiento de la calidad de vida, la construcci\u00f3n de espacios de encuentro com\u00fan y garantizar los derechos de la naturaleza.<\/p>\n<p style=\"text-align: justify;\"><b>Recorrido Guayaquil \u2013 Santay \u2013 Dur\u00e1n<\/b><\/p>\n<p style=\"text-align: justify;\">Durante una hora, el Primer Mandatario, junto con autoridades y visitantes a la Isla Santay, pudieron disfrutar de un recorrido en bicicleta, que inici\u00f3 en el puente de Guayaquil y que tuvo la finalidad de constatar la gesti\u00f3n de los senderos peatonales, ciclov\u00edas, camineras y dem\u00e1s obras.<\/p>\n<p style=\"text-align: justify;\">Aqu\u00ed, el Presidente, aprovech\u00f3 la oportunidad para conocer la realidad de la poblaci\u00f3n despu\u00e9s de la apertura de la primera fase de trabajo. \u201cEstas obras son las que demuestran el compromiso pol\u00edtico de un trabajo integrado y conjunto entre todos los sectores involucrados en el desarrollo de este nuevo Ecuador, generador de riquesas y de proyectos \u00edcono a nivel mundial\u201d, refiri\u00f3 el primer mandatario.<\/p>\n<p style=\"text-align: justify;\">\u201cEs maravilloso como estas obras no solo resaltan la belleza de nuestro entorno natural, que por a\u00f1os fue olvidado, y que ahora gracias al apoyo del Ministerio del Ambiente y el Gobierno Nacional podemos sentirnos parte una vez m\u00e1s de este gran proyecto que ha devuelto a Dur\u00e1n un ecosistema \u00fanico y reconocido a nivel mundial, para disfrute de todos los ecuatorianos\u201d, explic\u00f3 Lu\u00eds Cueva, asistente al evento de inauguraci\u00f3n del puente Dur\u00e1n Santay.<\/p>\n<p style=\"text-align: justify;\">Al finalizar este recorrido, las autoridades arribaron a Dur\u00e1n por el nuevo puente basculante, dando as\u00ed inauguraci\u00f3n a esta obra que culmina con el trabajo que se viene realizando en el sector desde el a\u00f1o 2012, y que ahora est\u00e1n listos para el disfrute de todos los ecuatorianos que visiten esta \u00e1rea nacional, que tiene como objetivo el turismo sostenible desde las comunidades, para su desarrollo.<\/p>\n<p style=\"text-align: justify;\">\u201cEl Ministerio del Ambiente no solo garantiza la integridad de la biodiversidad a nivel nacional, sino que tambi\u00e9n garantiza el desarrollo social, en el marco del cambio de la mtariz productiva del pa\u00eds, para desarrollar una sociedad del Buen Vivir, amparado en un equilibrio adecuado entre ambiente y sociedad\u201d, recalc\u00f3 la M\u00e1xima Autoridad ambiental.<\/p>\n<p style=\"text-align: justify;\"><b>Presentaci\u00f3n de las facilidades y atractivos existente en la Isla Santay<\/b><\/p>\n<ul>\n<li>Actividades l\u00fadicas con prop\u00f3sitos educativos en la plazoleta al inicio del puente.<\/li>\n<li>Mantenimiento y limpieza a lo largo del puente, ciclov\u00eda, ecoaldea y cocodrilera.<\/li>\n<li>Instalaci\u00f3n de se\u00f1al\u00e9tica lo largo del puente y de la ciclov\u00eda<\/li>\n<li>Instalaci\u00f3n de 10 ba\u00f1os port\u00e1tiles, tachos de basura y botellas de reciclaje en distintos puntos de la ciclov\u00eda.<\/li>\n<li>Puntos de hidrataci\u00f3n en toda la caminera existente de la ecoaldea.<\/li>\n<li>Alquiler de bicicletas<\/li>\n<li>Paseo Peatonal autoguiado con el detalle de la vegetaci\u00f3n y animales que habitan en la Isla<\/li>\n<li>Venta de Comida T\u00edpica (Seco de Gallina, de Chivo, arroz con menestra y Pescado Frito)<\/li>\n<li>Centro de Informaci\u00f3n para Visitantes<\/li>\n<li>Paseo a la Cocodrilera<\/li>\n<\/ul>\n<p style=\"text-align: justify;\">\n","protected":false},"excerpt":{"rendered":"<p class=\"excerpt\">El \u00c1rea Nacional de Recreaci\u00f3n Isla Santay se ha convertido en un espacio predilecto de esparcimiento para los guayaquile\u00f1os y los durane\u00f1os. Ubicada a 800 metros de Guayaquil Isla Santay es uno de los pulmones naturales mas grande del Puerto Principal, cuenta con puente peatonal y ciclov\u00eda; la ecoaldea en donde habitan 246 personas, que desarrollan gu\u00eda tur\u00edstica y brindar&hellip; <a href=\"https:\/\/www.ambienteyenergia.gob.ec\/ambiente\/duran-disfruta-de-isla-santay-un-espacio-verde-para-su-distraccion-2\/\">Read more &rarr;<\/a><\/p>\n","protected":false},"author":13,"featured_media":22448,"comment_status":"open","ping_status":"open","sticky":false,"template":"","format":"standard","meta":{"footnotes":""},"categories":[16,4,1],"tags":[374,387,552],"class_list":["post-22447","post","type-post","status-publish","format-standard","has-post-thumbnail","hentry","category-comunicamos","category-noticias","category-sin-categoria","tag-isla-santay","tag-mae-lorena-tapia","tag-santay","xfolkentry"],"_links":{"self":[{"href":"https:\/\/www.ambienteyenergia.gob.ec\/ambiente\/wp-json\/wp\/v2\/posts\/22447","targetHints":{"allow":["GET"]}}],"collection":[{"href":"https:\/\/www.ambienteyenergia.gob.ec\/ambiente\/wp-json\/wp\/v2\/posts"}],"about":[{"href":"https:\/\/www.ambienteyenergia.gob.ec\/ambiente\/wp-json\/wp\/v2\/types\/post"}],"author":[{"embeddable":true,"href":"https:\/\/www.ambienteyenergia.gob.ec\/ambiente\/wp-json\/wp\/v2\/users\/13"}],"replies":[{"embeddable":true,"href":"https:\/\/www.ambienteyenergia.gob.ec\/ambiente\/wp-json\/wp\/v2\/comments?post=22447"}],"version-history":[{"count":0,"href":"https:\/\/www.ambienteyenergia.gob.ec\/ambiente\/wp-json\/wp\/v2\/posts\/22447\/revisions"}],"wp:featuredmedia":[{"embeddable":true,"href":"https:\/\/www.ambienteyenergia.gob.ec\/ambiente\/wp-json\/wp\/v2\/media\/22448"}],"wp:attachment":[{"href":"https:\/\/www.ambienteyenergia.gob.ec\/ambiente\/wp-json\/wp\/v2\/media?parent=22447"}],"wp:term":[{"taxonomy":"category","embeddable":true,"href":"https:\/\/www.ambienteyenergia.gob.ec\/ambiente\/wp-json\/wp\/v2\/categories?post=22447"},{"taxonomy":"post_tag","embeddable":true,"href":"https:\/\/www.ambienteyenergia.gob.ec\/ambiente\/wp-json\/wp\/v2\/tags?post=22447"}],"curies":[{"name":"wp","href":"https:\/\/api.w.org\/{rel}","templated":true}]}}