{"id":22444,"date":"2014-09-16T17:01:56","date_gmt":"2014-09-16T22:01:56","guid":{"rendered":"http:\/\/www.ambiente.gob.ec\/?p=22444"},"modified":"2014-09-16T17:01:56","modified_gmt":"2014-09-16T22:01:56","slug":"mae-capacito-a-aspirantes-a-guias-naturalistas-de-la-reserva-ecologica-cotacachi-cayapas","status":"publish","type":"post","link":"https:\/\/www.ambienteyenergia.gob.ec\/ambiente\/mae-capacito-a-aspirantes-a-guias-naturalistas-de-la-reserva-ecologica-cotacachi-cayapas\/","title":{"rendered":"MAE capacit\u00f3 a aspirantes a Gu\u00edas Naturalistas de la Reserva Ecol\u00f3gica Cotacachi Cayapas"},"content":{"rendered":"<p>El Ministerio del Ambiente (MAE) realiz\u00f3 el curso de capacitaci\u00f3n para Gu\u00edas Naturalistas I de la Reserva Ecol\u00f3gica Cotacachi Cayapas (RECC), en el Sal\u00f3n M\u00faltiple del Municipio de San Miguel de Urcuqu\u00ed, con la participaci\u00f3n de 45 aspirantes.<br \/>\nEn el evento que se desarroll\u00f3 de 13:00 a 17:30, se socializ\u00f3 el plan de manejo de visitante,\u00a0 en la cual constan los\u00a0 sitios de visita de la RECC, espec\u00edficamente en la Laguna de Cuicocha, Plan de Manejo de la RECC, entre otros.<br \/>\nEl enfoque de la capacitaci\u00f3n es eminentemente pr\u00e1ctico, busca acercar a las personas interesadas en la comunicaci\u00f3n, interpretaci\u00f3n del patrimonio y educaci\u00f3n ambiental a entender y apasionarse por la profesi\u00f3n.<br \/>\nCon este curso, el MAE busca romper paradigmas tradicionales de la guianza, con un doble objetivo: conmover al visitante para motivar su aprecio y conservaci\u00f3n del ambiente y apasionar al profesional en un trabajo donde la motivaci\u00f3n y el buen hacer es la base de la satisfacci\u00f3n de nuestros visitantes que llegan a la RECC.<br \/>\nLos aspirantes a gu\u00edas naturalistas expresaron su predisposici\u00f3n para participar\u00a0 activamente\u00a0 en la implementaci\u00f3n y regulaci\u00f3n de estos sitios de visita de reservas.<\/p>\n","protected":false},"excerpt":{"rendered":"<p class=\"excerpt\">El Ministerio del Ambiente (MAE) realiz\u00f3 el curso de capacitaci\u00f3n para Gu\u00edas Naturalistas I de la Reserva Ecol\u00f3gica Cotacachi Cayapas (RECC), en el Sal\u00f3n M\u00faltiple del Municipio de San Miguel de Urcuqu\u00ed, con la participaci\u00f3n de 45 aspirantes. En el evento que se desarroll\u00f3 de 13:00 a 17:30, se socializ\u00f3 el plan de manejo de visitante,\u00a0 en la cual constan&hellip; <a href=\"https:\/\/www.ambienteyenergia.gob.ec\/ambiente\/mae-capacito-a-aspirantes-a-guias-naturalistas-de-la-reserva-ecologica-cotacachi-cayapas\/\">Read more &rarr;<\/a><\/p>\n","protected":false},"author":13,"featured_media":22445,"comment_status":"open","ping_status":"open","sticky":false,"template":"","format":"standard","meta":{"footnotes":""},"categories":[16,4],"tags":[],"class_list":["post-22444","post","type-post","status-publish","format-standard","has-post-thumbnail","hentry","category-comunicamos","category-noticias","xfolkentry"],"_links":{"self":[{"href":"https:\/\/www.ambienteyenergia.gob.ec\/ambiente\/wp-json\/wp\/v2\/posts\/22444","targetHints":{"allow":["GET"]}}],"collection":[{"href":"https:\/\/www.ambienteyenergia.gob.ec\/ambiente\/wp-json\/wp\/v2\/posts"}],"about":[{"href":"https:\/\/www.ambienteyenergia.gob.ec\/ambiente\/wp-json\/wp\/v2\/types\/post"}],"author":[{"embeddable":true,"href":"https:\/\/www.ambienteyenergia.gob.ec\/ambiente\/wp-json\/wp\/v2\/users\/13"}],"replies":[{"embeddable":true,"href":"https:\/\/www.ambienteyenergia.gob.ec\/ambiente\/wp-json\/wp\/v2\/comments?post=22444"}],"version-history":[{"count":0,"href":"https:\/\/www.ambienteyenergia.gob.ec\/ambiente\/wp-json\/wp\/v2\/posts\/22444\/revisions"}],"wp:featuredmedia":[{"embeddable":true,"href":"https:\/\/www.ambienteyenergia.gob.ec\/ambiente\/wp-json\/wp\/v2\/media\/22445"}],"wp:attachment":[{"href":"https:\/\/www.ambienteyenergia.gob.ec\/ambiente\/wp-json\/wp\/v2\/media?parent=22444"}],"wp:term":[{"taxonomy":"category","embeddable":true,"href":"https:\/\/www.ambienteyenergia.gob.ec\/ambiente\/wp-json\/wp\/v2\/categories?post=22444"},{"taxonomy":"post_tag","embeddable":true,"href":"https:\/\/www.ambienteyenergia.gob.ec\/ambiente\/wp-json\/wp\/v2\/tags?post=22444"}],"curies":[{"name":"wp","href":"https:\/\/api.w.org\/{rel}","templated":true}]}}