{"id":22439,"date":"2014-09-16T16:57:25","date_gmt":"2014-09-16T21:57:25","guid":{"rendered":"http:\/\/www.ambiente.gob.ec\/?p=22439"},"modified":"2014-09-16T16:57:25","modified_gmt":"2014-09-16T21:57:25","slug":"mae-decomiso-18-metros-cubicos-de-madera-nativa-ilegal-en-la-via-macas-riobamba","status":"publish","type":"post","link":"https:\/\/www.ambienteyenergia.gob.ec\/ambiente\/mae-decomiso-18-metros-cubicos-de-madera-nativa-ilegal-en-la-via-macas-riobamba\/","title":{"rendered":"MAE decomis\u00f3 18 metros c\u00fabicos de madera nativa ilegal en la v\u00eda Macas-Riobamba"},"content":{"rendered":"<p style=\"text-align: justify;\">Ayer, en un operativo de control, t\u00e9cnicos forestales de la Direcci\u00f3n Provincial del Ambiente de Chimborazo, con el apoyo de la Unidad de Protecci\u00f3n de Medio Ambiente (UPMA) de la Polic\u00eda Nacional, decomis\u00f3 18 metros c\u00fabicos de madera nativa en la v\u00eda Macas-Guamote.<\/p>\n<p style=\"text-align: justify;\">Durante el patrullaje, se inspeccionaron varios veh\u00edculos con la finalidad de validar la legalidad de su transporte de productos forestales. Uno de los cami\u00f3n revisados no pose\u00eda Gu\u00eda de Circulaci\u00f3n.<\/p>\n<p style=\"text-align: justify;\">Entre las especies forestales identificadas est\u00e1n sapan de paloma que, probablemente, ser\u00eda comercializada en la provincia de Azuay. La madera decomisada se encuentra bajo custodia del MAE en Chimborazo, con la finalidad de cumplir el tr\u00e1mite administrativo que sancione la infracci\u00f3n.<\/p>\n<p style=\"text-align: justify;\">El MAE promueve la explotaci\u00f3n responsable de recursos naturales en el pa\u00eds. Por ello hace un llamado a la ciudadan\u00eda a cumplir conforme lo establece la Ley Forestal y de Conservaci\u00f3n de \u00c1reas Naturales y Vida Silvestre.<\/p>\n<p style=\"text-align: justify;\">\n<p style=\"text-align: justify;\">\n","protected":false},"excerpt":{"rendered":"<p class=\"excerpt\">Ayer, en un operativo de control, t\u00e9cnicos forestales de la Direcci\u00f3n Provincial del Ambiente de Chimborazo, con el apoyo de la Unidad de Protecci\u00f3n de Medio Ambiente (UPMA) de la Polic\u00eda Nacional, decomis\u00f3 18 metros c\u00fabicos de madera nativa en la v\u00eda Macas-Guamote. Durante el patrullaje, se inspeccionaron varios veh\u00edculos con la finalidad de validar la legalidad de su transporte&hellip; <a href=\"https:\/\/www.ambienteyenergia.gob.ec\/ambiente\/mae-decomiso-18-metros-cubicos-de-madera-nativa-ilegal-en-la-via-macas-riobamba\/\">Read more &rarr;<\/a><\/p>\n","protected":false},"author":13,"featured_media":22442,"comment_status":"open","ping_status":"open","sticky":false,"template":"","format":"standard","meta":{"footnotes":""},"categories":[16,4],"tags":[],"class_list":["post-22439","post","type-post","status-publish","format-standard","has-post-thumbnail","hentry","category-comunicamos","category-noticias","xfolkentry"],"_links":{"self":[{"href":"https:\/\/www.ambienteyenergia.gob.ec\/ambiente\/wp-json\/wp\/v2\/posts\/22439","targetHints":{"allow":["GET"]}}],"collection":[{"href":"https:\/\/www.ambienteyenergia.gob.ec\/ambiente\/wp-json\/wp\/v2\/posts"}],"about":[{"href":"https:\/\/www.ambienteyenergia.gob.ec\/ambiente\/wp-json\/wp\/v2\/types\/post"}],"author":[{"embeddable":true,"href":"https:\/\/www.ambienteyenergia.gob.ec\/ambiente\/wp-json\/wp\/v2\/users\/13"}],"replies":[{"embeddable":true,"href":"https:\/\/www.ambienteyenergia.gob.ec\/ambiente\/wp-json\/wp\/v2\/comments?post=22439"}],"version-history":[{"count":0,"href":"https:\/\/www.ambienteyenergia.gob.ec\/ambiente\/wp-json\/wp\/v2\/posts\/22439\/revisions"}],"wp:featuredmedia":[{"embeddable":true,"href":"https:\/\/www.ambienteyenergia.gob.ec\/ambiente\/wp-json\/wp\/v2\/media\/22442"}],"wp:attachment":[{"href":"https:\/\/www.ambienteyenergia.gob.ec\/ambiente\/wp-json\/wp\/v2\/media?parent=22439"}],"wp:term":[{"taxonomy":"category","embeddable":true,"href":"https:\/\/www.ambienteyenergia.gob.ec\/ambiente\/wp-json\/wp\/v2\/categories?post=22439"},{"taxonomy":"post_tag","embeddable":true,"href":"https:\/\/www.ambienteyenergia.gob.ec\/ambiente\/wp-json\/wp\/v2\/tags?post=22439"}],"curies":[{"name":"wp","href":"https:\/\/api.w.org\/{rel}","templated":true}]}}