{"id":22437,"date":"2014-09-16T16:52:50","date_gmt":"2014-09-16T21:52:50","guid":{"rendered":"http:\/\/www.ambiente.gob.ec\/?p=22437"},"modified":"2014-09-16T16:52:50","modified_gmt":"2014-09-16T21:52:50","slug":"mae-retiro-plantas-exoticas-en-terrenos-de-la-cooperativa-sinincay","status":"publish","type":"post","link":"https:\/\/www.ambienteyenergia.gob.ec\/ambiente\/mae-retiro-plantas-exoticas-en-terrenos-de-la-cooperativa-sinincay\/","title":{"rendered":"MAE retir\u00f3 plantas ex\u00f3ticas en terrenos de la Cooperativa Sinincay"},"content":{"rendered":"<p style=\"text-align: justify;\">El Ministerio del Ambiente (MAE), a trav\u00e9s de la Direcci\u00f3n Provincial del Azuay, realiz\u00f3 una minga de retiro de plantas ex\u00f3ticas, en el sector de Sinincay, en la que participaron tambi\u00e9n funcionarios de la Empresa p\u00fablica de Telecomunicaciones, Agua potable y Alcantarillado ETAPA-EP, y socios de la Cooperativa de Producci\u00f3n Agropecuaria Sinincay.<\/p>\n<p style=\"text-align: justify;\">Durante esta jornada, alrededor de 30 personas retiraron plantas ex\u00f3ticas como pinos, debido a que no se han adaptado a la altitud de esta provincia de la sierra, y no contribuyen a la conservaci\u00f3n de las fuentes h\u00eddricas existentes en el \u00e1rea.<\/p>\n<p style=\"text-align: justify;\">Con esta actividad, el MAE fortalece las acciones que aplica para la conservaci\u00f3n del p\u00e1ramo y el mantenimiento de la cobertura vegetal existente en la zona, en cumplimiento al Plan de Manejo del predio, para el buen uso y aprovechamiento de los recursos.<\/p>\n","protected":false},"excerpt":{"rendered":"<p class=\"excerpt\">El Ministerio del Ambiente (MAE), a trav\u00e9s de la Direcci\u00f3n Provincial del Azuay, realiz\u00f3 una minga de retiro de plantas ex\u00f3ticas, en el sector de Sinincay, en la que participaron tambi\u00e9n funcionarios de la Empresa p\u00fablica de Telecomunicaciones, Agua potable y Alcantarillado ETAPA-EP, y socios de la Cooperativa de Producci\u00f3n Agropecuaria Sinincay. Durante esta jornada, alrededor de 30 personas retiraron&hellip; <a href=\"https:\/\/www.ambienteyenergia.gob.ec\/ambiente\/mae-retiro-plantas-exoticas-en-terrenos-de-la-cooperativa-sinincay\/\">Read more &rarr;<\/a><\/p>\n","protected":false},"author":13,"featured_media":22352,"comment_status":"open","ping_status":"open","sticky":false,"template":"","format":"standard","meta":{"footnotes":""},"categories":[16,4],"tags":[],"class_list":["post-22437","post","type-post","status-publish","format-standard","has-post-thumbnail","hentry","category-comunicamos","category-noticias","xfolkentry"],"_links":{"self":[{"href":"https:\/\/www.ambienteyenergia.gob.ec\/ambiente\/wp-json\/wp\/v2\/posts\/22437","targetHints":{"allow":["GET"]}}],"collection":[{"href":"https:\/\/www.ambienteyenergia.gob.ec\/ambiente\/wp-json\/wp\/v2\/posts"}],"about":[{"href":"https:\/\/www.ambienteyenergia.gob.ec\/ambiente\/wp-json\/wp\/v2\/types\/post"}],"author":[{"embeddable":true,"href":"https:\/\/www.ambienteyenergia.gob.ec\/ambiente\/wp-json\/wp\/v2\/users\/13"}],"replies":[{"embeddable":true,"href":"https:\/\/www.ambienteyenergia.gob.ec\/ambiente\/wp-json\/wp\/v2\/comments?post=22437"}],"version-history":[{"count":0,"href":"https:\/\/www.ambienteyenergia.gob.ec\/ambiente\/wp-json\/wp\/v2\/posts\/22437\/revisions"}],"wp:featuredmedia":[{"embeddable":true,"href":"https:\/\/www.ambienteyenergia.gob.ec\/ambiente\/wp-json\/wp\/v2\/media\/22352"}],"wp:attachment":[{"href":"https:\/\/www.ambienteyenergia.gob.ec\/ambiente\/wp-json\/wp\/v2\/media?parent=22437"}],"wp:term":[{"taxonomy":"category","embeddable":true,"href":"https:\/\/www.ambienteyenergia.gob.ec\/ambiente\/wp-json\/wp\/v2\/categories?post=22437"},{"taxonomy":"post_tag","embeddable":true,"href":"https:\/\/www.ambienteyenergia.gob.ec\/ambiente\/wp-json\/wp\/v2\/tags?post=22437"}],"curies":[{"name":"wp","href":"https:\/\/api.w.org\/{rel}","templated":true}]}}