{"id":22430,"date":"2014-09-15T16:50:37","date_gmt":"2014-09-15T21:50:37","guid":{"rendered":"http:\/\/www.ambiente.gob.ec\/?p=22430"},"modified":"2014-09-16T08:50:37","modified_gmt":"2014-09-16T13:50:37","slug":"mae-rescato-dos-loras-fueron-en-la-provincia-de-orellana","status":"publish","type":"post","link":"https:\/\/www.ambienteyenergia.gob.ec\/ambiente\/mae-rescato-dos-loras-fueron-en-la-provincia-de-orellana\/","title":{"rendered":"MAE rescat\u00f3 dos loras en la Provincia de Orellana"},"content":{"rendered":"<p style=\"text-align: justify;\">La semana pasada, el Ministerio del Ambiente, a trav\u00e9s de la Direcci\u00f3n Provincial de Orellana, rescat\u00f3 dos loras (Amazona amazonica y Pionus menstruus) luego de haber atendido una denuncia telef\u00f3nica que report\u00f3 la tenencia ilegal de estos espec\u00edmenes.<\/p>\n<p style=\"text-align: justify;\">Funcionarios del MAE-Orellana, en coordinaci\u00f3n con polic\u00edas de la Unidad de Protecci\u00f3n del Medio Ambiente (UPMA), se trasladaron al barrio \u00d1ucanchiwasi y retiraron a los ejemplares que se encontraban en un domicilio como mascotas.<\/p>\n<p style=\"text-align: justify;\">Las dos aves fueron transportadas\u00a0 hasta el Zool\u00f3gico Municipal, donde se les realiz\u00f3 una valoraci\u00f3n m\u00e9dica y ser\u00e1n monitoreadas.<\/p>\n<p style=\"text-align: justify;\">En lo que va del a\u00f1o, el \u00e1rea de biodiversidad de la Direcci\u00f3n Provincial de Ambiente del MAE ha logrado rescatar alrededor de 70 espec\u00edmenes.\u00a0 Esta Cartera de Estado, trabaja sin escatimar esfuerzos para precautelar la vida de espec\u00edmenes silvestre que puedan estar en amenaza.<\/p>\n","protected":false},"excerpt":{"rendered":"<p class=\"excerpt\">La semana pasada, el Ministerio del Ambiente, a trav\u00e9s de la Direcci\u00f3n Provincial de Orellana, rescat\u00f3 dos loras (Amazona amazonica y Pionus menstruus) luego de haber atendido una denuncia telef\u00f3nica que report\u00f3 la tenencia ilegal de estos espec\u00edmenes. Funcionarios del MAE-Orellana, en coordinaci\u00f3n con polic\u00edas de la Unidad de Protecci\u00f3n del Medio Ambiente (UPMA), se trasladaron al barrio \u00d1ucanchiwasi y&hellip; <a href=\"https:\/\/www.ambienteyenergia.gob.ec\/ambiente\/mae-rescato-dos-loras-fueron-en-la-provincia-de-orellana\/\">Read more &rarr;<\/a><\/p>\n","protected":false},"author":13,"featured_media":22431,"comment_status":"open","ping_status":"open","sticky":false,"template":"","format":"standard","meta":{"footnotes":""},"categories":[16,4],"tags":[],"class_list":["post-22430","post","type-post","status-publish","format-standard","has-post-thumbnail","hentry","category-comunicamos","category-noticias","xfolkentry"],"_links":{"self":[{"href":"https:\/\/www.ambienteyenergia.gob.ec\/ambiente\/wp-json\/wp\/v2\/posts\/22430","targetHints":{"allow":["GET"]}}],"collection":[{"href":"https:\/\/www.ambienteyenergia.gob.ec\/ambiente\/wp-json\/wp\/v2\/posts"}],"about":[{"href":"https:\/\/www.ambienteyenergia.gob.ec\/ambiente\/wp-json\/wp\/v2\/types\/post"}],"author":[{"embeddable":true,"href":"https:\/\/www.ambienteyenergia.gob.ec\/ambiente\/wp-json\/wp\/v2\/users\/13"}],"replies":[{"embeddable":true,"href":"https:\/\/www.ambienteyenergia.gob.ec\/ambiente\/wp-json\/wp\/v2\/comments?post=22430"}],"version-history":[{"count":0,"href":"https:\/\/www.ambienteyenergia.gob.ec\/ambiente\/wp-json\/wp\/v2\/posts\/22430\/revisions"}],"wp:featuredmedia":[{"embeddable":true,"href":"https:\/\/www.ambienteyenergia.gob.ec\/ambiente\/wp-json\/wp\/v2\/media\/22431"}],"wp:attachment":[{"href":"https:\/\/www.ambienteyenergia.gob.ec\/ambiente\/wp-json\/wp\/v2\/media?parent=22430"}],"wp:term":[{"taxonomy":"category","embeddable":true,"href":"https:\/\/www.ambienteyenergia.gob.ec\/ambiente\/wp-json\/wp\/v2\/categories?post=22430"},{"taxonomy":"post_tag","embeddable":true,"href":"https:\/\/www.ambienteyenergia.gob.ec\/ambiente\/wp-json\/wp\/v2\/tags?post=22430"}],"curies":[{"name":"wp","href":"https:\/\/api.w.org\/{rel}","templated":true}]}}