{"id":22427,"date":"2014-09-15T16:17:32","date_gmt":"2014-09-15T21:17:32","guid":{"rendered":"http:\/\/www.ambiente.gob.ec\/?p=22427"},"modified":"2014-09-15T16:17:32","modified_gmt":"2014-09-15T21:17:32","slug":"mae-participo-en-la-vii-expoferia-agro-empresarial-y-turistica-patate-2014","status":"publish","type":"post","link":"https:\/\/www.ambienteyenergia.gob.ec\/ambiente\/mae-participo-en-la-vii-expoferia-agro-empresarial-y-turistica-patate-2014\/","title":{"rendered":"MAE  particip\u00f3 en la VII Expoferia Agro Empresarial y Tur\u00edstica Patate 2014"},"content":{"rendered":"<p style=\"text-align: justify;\">Este s\u00e1bado y domingo, el Ministerio del Ambiente (MAE), a trav\u00e9s de\u00a0 la Direcci\u00f3n Provincial de Tungurahua, junto con la organizaci\u00f3n Aves y Conservaci\u00f3n, particip\u00f3 en la EXPOFERIA realizada en el estadio del cant\u00f3n Patate, provincia de Tungurahua, por su aniversario de vida pol\u00edtica.<\/p>\n<p style=\"text-align: justify;\">\nFuncionarios del MAE y del grupo de apoyo local del cant\u00f3n Patate de Aves y Conservaci\u00f3n informaron en el stand a cientos de visitantes, sobre las especies de flora y fauna, la importancia de la conservaci\u00f3n del Parque Nacional Llanganates y su diversidad biol\u00f3gica, y\u00a0 los\u00a0 atractivos ecotur\u00edsticos, como la ruta para observaci\u00f3n de aves denominada Kuri Pishku.<\/p>\n<p style=\"text-align: justify;\">\nSe\u00a0 proyectaron videos sobre esta \u00c1rea Natural protegida, lo que ayudo a graficar y mostrar la diversidad de paisajes, lagunas de los complejos lacustres de Pisayambo y Anteojos, ecosistemas y m\u00e1s recursos naturales que posee este Parque Nacional ubicado en las provincias de Cotopaxi, Tungurahua, Pastaza y Napo.<\/p>\n<p style=\"text-align: justify;\">\nAdem\u00e1s, se expusieron cuadros pintados en \u00f3leo sobre lienzo del artista \u00cdtalo Esp\u00edn. \u00c9stos muestran las aves nativas que habitan en los Bosques de Neblina. Asimismo, Alirio Rodr\u00edguez mostr\u00f3 una variedad de aves talladas en madera.<\/p>\n<p style=\"text-align: justify;\">\nA ello se sum\u00f3, la entrega de material divulgativo, gu\u00edas de flora y fauna, etc. De esta manera, se promocion\u00f3 una parte de biodiversidad del Parque Nacional Llanganates.<\/p>\n","protected":false},"excerpt":{"rendered":"<p class=\"excerpt\">Este s\u00e1bado y domingo, el Ministerio del Ambiente (MAE), a trav\u00e9s de\u00a0 la Direcci\u00f3n Provincial de Tungurahua, junto con la organizaci\u00f3n Aves y Conservaci\u00f3n, particip\u00f3 en la EXPOFERIA realizada en el estadio del cant\u00f3n Patate, provincia de Tungurahua, por su aniversario de vida pol\u00edtica. Funcionarios del MAE y del grupo de apoyo local del cant\u00f3n Patate de Aves y Conservaci\u00f3n&hellip; <a href=\"https:\/\/www.ambienteyenergia.gob.ec\/ambiente\/mae-participo-en-la-vii-expoferia-agro-empresarial-y-turistica-patate-2014\/\">Read more &rarr;<\/a><\/p>\n","protected":false},"author":13,"featured_media":22428,"comment_status":"open","ping_status":"open","sticky":false,"template":"","format":"standard","meta":{"footnotes":""},"categories":[16,4],"tags":[],"class_list":["post-22427","post","type-post","status-publish","format-standard","has-post-thumbnail","hentry","category-comunicamos","category-noticias","xfolkentry"],"_links":{"self":[{"href":"https:\/\/www.ambienteyenergia.gob.ec\/ambiente\/wp-json\/wp\/v2\/posts\/22427","targetHints":{"allow":["GET"]}}],"collection":[{"href":"https:\/\/www.ambienteyenergia.gob.ec\/ambiente\/wp-json\/wp\/v2\/posts"}],"about":[{"href":"https:\/\/www.ambienteyenergia.gob.ec\/ambiente\/wp-json\/wp\/v2\/types\/post"}],"author":[{"embeddable":true,"href":"https:\/\/www.ambienteyenergia.gob.ec\/ambiente\/wp-json\/wp\/v2\/users\/13"}],"replies":[{"embeddable":true,"href":"https:\/\/www.ambienteyenergia.gob.ec\/ambiente\/wp-json\/wp\/v2\/comments?post=22427"}],"version-history":[{"count":0,"href":"https:\/\/www.ambienteyenergia.gob.ec\/ambiente\/wp-json\/wp\/v2\/posts\/22427\/revisions"}],"wp:featuredmedia":[{"embeddable":true,"href":"https:\/\/www.ambienteyenergia.gob.ec\/ambiente\/wp-json\/wp\/v2\/media\/22428"}],"wp:attachment":[{"href":"https:\/\/www.ambienteyenergia.gob.ec\/ambiente\/wp-json\/wp\/v2\/media?parent=22427"}],"wp:term":[{"taxonomy":"category","embeddable":true,"href":"https:\/\/www.ambienteyenergia.gob.ec\/ambiente\/wp-json\/wp\/v2\/categories?post=22427"},{"taxonomy":"post_tag","embeddable":true,"href":"https:\/\/www.ambienteyenergia.gob.ec\/ambiente\/wp-json\/wp\/v2\/tags?post=22427"}],"curies":[{"name":"wp","href":"https:\/\/api.w.org\/{rel}","templated":true}]}}