{"id":22424,"date":"2014-09-15T15:37:50","date_gmt":"2014-09-15T20:37:50","guid":{"rendered":"http:\/\/www.ambiente.gob.ec\/?p=22424"},"modified":"2014-09-15T15:37:50","modified_gmt":"2014-09-15T20:37:50","slug":"mae-difunde-plan-nacional-de-restauracion-forestal-en-santo-domingo-de-los-tsachilas","status":"publish","type":"post","link":"https:\/\/www.ambienteyenergia.gob.ec\/ambiente\/mae-difunde-plan-nacional-de-restauracion-forestal-en-santo-domingo-de-los-tsachilas\/","title":{"rendered":"MAE difunde Plan Nacional de Restauraci\u00f3n Forestal en Santo Domingo de los Ts\u00e1chilas"},"content":{"rendered":"<p style=\"text-align: justify;\">El pasado viernes, el Ministerio del Ambiente de Ecuador (MAE), realiz\u00f3 un reuni\u00f3n de trabajo con los campesinos del recinto San Francisco de Peripa, parroquia Puerto Lim\u00f3n, en donde se socializ\u00f3 sobre los programas de restauraci\u00f3n forestal, conservaci\u00f3n y reforestaci\u00f3n que esta Cartera de Estado lleva a cabo a nivel nacional.<\/p>\n<p style=\"text-align: justify;\">A trav\u00e9s de la Direcci\u00f3n Provincial del Ambiente de Santo Domingo de los Ts\u00e1chilas, t\u00e9cnicos de la Unidad de Patrimonio Natural efectuaron la promoci\u00f3n y difusi\u00f3n de los programas de incentivos econ\u00f3micos como el Plan Nacional de Restauraci\u00f3n Forestal y el Programa de Conservaci\u00f3n de Bosque Nativo, contemplados en el Programa Socio Bosque, que tiene como meta reforestar 500 000 hect\u00e1reas a nivel nacional, hasta el 2017.<\/p>\n<p style=\"text-align: justify;\">\nCerca de 40\u00a0 moradores del reciento San Francisco de Peripa se informaron adem\u00e1s de los planes provinciales, en materia de restauraci\u00f3n y reforestaci\u00f3n que se prev\u00e9 llevar a cabo en Santo Domingo en cerca de 1 044 hect\u00e1reas, destinadas para estos fines.<br \/>\nPor otro lado, dentro del Programa de Conservaci\u00f3n de Bosque Nativo &#8211; Socio Bosque, el MAE conserva aproximadamente 1 014 hect\u00e1reas de bosque nativo, en la provincia Ts\u00e1chila, hasta la presente fecha, en el marco del Plan Nacional de Conservaci\u00f3n que tiene como meta para este a\u00f1o conservar 100 000 hect\u00e1reas a nivel nacional.<\/p>\n","protected":false},"excerpt":{"rendered":"<p class=\"excerpt\">El pasado viernes, el Ministerio del Ambiente de Ecuador (MAE), realiz\u00f3 un reuni\u00f3n de trabajo con los campesinos del recinto San Francisco de Peripa, parroquia Puerto Lim\u00f3n, en donde se socializ\u00f3 sobre los programas de restauraci\u00f3n forestal, conservaci\u00f3n y reforestaci\u00f3n que esta Cartera de Estado lleva a cabo a nivel nacional. A trav\u00e9s de la Direcci\u00f3n Provincial del Ambiente de&hellip; <a href=\"https:\/\/www.ambienteyenergia.gob.ec\/ambiente\/mae-difunde-plan-nacional-de-restauracion-forestal-en-santo-domingo-de-los-tsachilas\/\">Read more &rarr;<\/a><\/p>\n","protected":false},"author":13,"featured_media":22425,"comment_status":"open","ping_status":"open","sticky":false,"template":"","format":"standard","meta":{"footnotes":""},"categories":[16,4],"tags":[],"class_list":["post-22424","post","type-post","status-publish","format-standard","has-post-thumbnail","hentry","category-comunicamos","category-noticias","xfolkentry"],"_links":{"self":[{"href":"https:\/\/www.ambienteyenergia.gob.ec\/ambiente\/wp-json\/wp\/v2\/posts\/22424","targetHints":{"allow":["GET"]}}],"collection":[{"href":"https:\/\/www.ambienteyenergia.gob.ec\/ambiente\/wp-json\/wp\/v2\/posts"}],"about":[{"href":"https:\/\/www.ambienteyenergia.gob.ec\/ambiente\/wp-json\/wp\/v2\/types\/post"}],"author":[{"embeddable":true,"href":"https:\/\/www.ambienteyenergia.gob.ec\/ambiente\/wp-json\/wp\/v2\/users\/13"}],"replies":[{"embeddable":true,"href":"https:\/\/www.ambienteyenergia.gob.ec\/ambiente\/wp-json\/wp\/v2\/comments?post=22424"}],"version-history":[{"count":0,"href":"https:\/\/www.ambienteyenergia.gob.ec\/ambiente\/wp-json\/wp\/v2\/posts\/22424\/revisions"}],"wp:featuredmedia":[{"embeddable":true,"href":"https:\/\/www.ambienteyenergia.gob.ec\/ambiente\/wp-json\/wp\/v2\/media\/22425"}],"wp:attachment":[{"href":"https:\/\/www.ambienteyenergia.gob.ec\/ambiente\/wp-json\/wp\/v2\/media?parent=22424"}],"wp:term":[{"taxonomy":"category","embeddable":true,"href":"https:\/\/www.ambienteyenergia.gob.ec\/ambiente\/wp-json\/wp\/v2\/categories?post=22424"},{"taxonomy":"post_tag","embeddable":true,"href":"https:\/\/www.ambienteyenergia.gob.ec\/ambiente\/wp-json\/wp\/v2\/tags?post=22424"}],"curies":[{"name":"wp","href":"https:\/\/api.w.org\/{rel}","templated":true}]}}