{"id":22418,"date":"2014-09-12T14:14:00","date_gmt":"2014-09-12T19:14:00","guid":{"rendered":"http:\/\/www.ambiente.gob.ec\/?p=22418"},"modified":"2014-09-15T18:34:18","modified_gmt":"2014-09-15T23:34:18","slug":"mae-trabaja-en-la-limpieza-de-la-playa-de-jambeli","status":"publish","type":"post","link":"https:\/\/www.ambienteyenergia.gob.ec\/ambiente\/mae-trabaja-en-la-limpieza-de-la-playa-de-jambeli\/","title":{"rendered":"MAE trabaja en la limpieza de la playa de Jambel\u00ed"},"content":{"rendered":"<p align=\"JUSTIFY\">Desde el pasado martes, t\u00e9cnicos del Ministerio del Ambiente (MAE), han realizado varias actividades con el fin de limpiar la playa de Jambel\u00ed que fue afectada por presencia de peces muertos de la especie conocida como chuhueco <i>(Cetengraulis mysticetus).<\/i><\/p>\n<p align=\"JUSTIFY\">Hasta el momento se desconocen las causas exactas de este fen\u00f3meno que ha alterado la cotidianidad del lugar. Es por esta raz\u00f3n que t\u00e9cnicos de esta Cartera de Estado y de otras instituciones se encuentran realizando la limpieza del sector con el fin de evitar la descomposici\u00f3n de \u00e9stos espec\u00edmenes, evitando de esta manera un posible impacto negativo al ambiente en esta emblem\u00e1tica playa de la provincia de El Oro y as\u00ed precautelar la salud de los habitantes de la parroquia Jambel\u00ed.<\/p>\n<p align=\"JUSTIFY\">Los ejemplares muertos fueron retirados de forma t\u00e9cnica, luego de lo cual fueron ubicados en una abertura para realizar la disposici\u00f3n final con el tratamiento adecuado, con el fin de evitar malos olores y no afectar el turismo de dicho balneario.<\/p>\n","protected":false},"excerpt":{"rendered":"<p class=\"excerpt\">Desde el pasado martes, t\u00e9cnicos del Ministerio del Ambiente (MAE), han realizado varias actividades con el fin de limpiar la playa de Jambel\u00ed que fue afectada por presencia de peces muertos de la especie conocida como chuhueco (Cetengraulis mysticetus). Hasta el momento se desconocen las causas exactas de este fen\u00f3meno que ha alterado la cotidianidad del lugar. Es por esta&hellip; <a href=\"https:\/\/www.ambienteyenergia.gob.ec\/ambiente\/mae-trabaja-en-la-limpieza-de-la-playa-de-jambeli\/\">Read more &rarr;<\/a><\/p>\n","protected":false},"author":13,"featured_media":22352,"comment_status":"open","ping_status":"open","sticky":false,"template":"","format":"standard","meta":{"footnotes":""},"categories":[16,4],"tags":[53],"class_list":["post-22418","post","type-post","status-publish","format-standard","has-post-thumbnail","hentry","category-comunicamos","category-noticias","tag-mae","xfolkentry"],"_links":{"self":[{"href":"https:\/\/www.ambienteyenergia.gob.ec\/ambiente\/wp-json\/wp\/v2\/posts\/22418","targetHints":{"allow":["GET"]}}],"collection":[{"href":"https:\/\/www.ambienteyenergia.gob.ec\/ambiente\/wp-json\/wp\/v2\/posts"}],"about":[{"href":"https:\/\/www.ambienteyenergia.gob.ec\/ambiente\/wp-json\/wp\/v2\/types\/post"}],"author":[{"embeddable":true,"href":"https:\/\/www.ambienteyenergia.gob.ec\/ambiente\/wp-json\/wp\/v2\/users\/13"}],"replies":[{"embeddable":true,"href":"https:\/\/www.ambienteyenergia.gob.ec\/ambiente\/wp-json\/wp\/v2\/comments?post=22418"}],"version-history":[{"count":0,"href":"https:\/\/www.ambienteyenergia.gob.ec\/ambiente\/wp-json\/wp\/v2\/posts\/22418\/revisions"}],"wp:featuredmedia":[{"embeddable":true,"href":"https:\/\/www.ambienteyenergia.gob.ec\/ambiente\/wp-json\/wp\/v2\/media\/22352"}],"wp:attachment":[{"href":"https:\/\/www.ambienteyenergia.gob.ec\/ambiente\/wp-json\/wp\/v2\/media?parent=22418"}],"wp:term":[{"taxonomy":"category","embeddable":true,"href":"https:\/\/www.ambienteyenergia.gob.ec\/ambiente\/wp-json\/wp\/v2\/categories?post=22418"},{"taxonomy":"post_tag","embeddable":true,"href":"https:\/\/www.ambienteyenergia.gob.ec\/ambiente\/wp-json\/wp\/v2\/tags?post=22418"}],"curies":[{"name":"wp","href":"https:\/\/api.w.org\/{rel}","templated":true}]}}