{"id":22414,"date":"2014-09-12T16:30:26","date_gmt":"2014-09-12T21:30:26","guid":{"rendered":"http:\/\/www.ambiente.gob.ec\/?p=22414"},"modified":"2014-09-15T16:52:20","modified_gmt":"2014-09-15T21:52:20","slug":"mae-promueve-el-reciclaje-de-mas-700-mil-neumaticos-usados","status":"publish","type":"post","link":"https:\/\/www.ambienteyenergia.gob.ec\/ambiente\/mae-promueve-el-reciclaje-de-mas-700-mil-neumaticos-usados\/","title":{"rendered":"MAE promueve el reciclaje de m\u00e1s de 700 mil neum\u00e1ticos usados"},"content":{"rendered":"<p align=\"JUSTIFY\"><span style=\"color: #000000;\">El Ministerio del Ambiente (MAE) promueve en todo el pa\u00eds se reciclen m\u00e1s de 750 mil neum\u00e1ticos usados hasta finales del 2014. Para llegar a la meta, mantiene permanentes contactos con diferentes Gobiernos Aut\u00f3nomos Descentralizados (GAD) y empresas vinculadas al sector importador de neum\u00e1ticos. <\/span><\/p>\n<p align=\"JUSTIFY\"><span style=\"color: #000000;\">A la fecha, junto a los GAD de m\u00e1s de 15 cantones y el sector empresarial, el MAE ha conseguido movilizar desde los botaderos a cielo abierto y rellenos sanitarios cerca de 60 mil neum\u00e1ticos hacia instalaciones de gestores ambientales para su re\u00faso, entre los meses de junio y septiembre.<\/span><\/p>\n<p align=\"JUSTIFY\"><span style=\"color: #000000;\">La movilizaci\u00f3n de los neum\u00e1ticos usados contin\u00faa esta semana. En los cantones Puyo y Mera, de la provincia de Pastaza, se efectuar\u00e1 este martes 16 y se prev\u00e9 recuperar m\u00e1s de 1800 neum\u00e1ticos para reciclaje; igual de Archidona, Napo, con 219. El viernes 19, de los cantones La Libertad, Santa Elena y Salinas, de la provincia de Santa Elena.<\/span><\/p>\n<p align=\"JUSTIFY\"><span style=\"color: #000000;\">Mientras tanto, la importadora de neum\u00e1ticos Antonio Pino Ycaza junto a 67 empresas de este sector empresarial han elaborado ya su Plan de Gesti\u00f3n de Integral de Neum\u00e1ticos usados, seg\u00fan lo establece el Acuerdo Ministerial # 020, en el que se establece el reciclaje del 20% de los neum\u00e1ticos que se colocaron en el mercado, en el a\u00f1o 2013.<\/span><\/p>\n<p align=\"JUSTIFY\"><span style=\"color: #000000;\">En el caso de la empresa Pino Ycaza, esta coloc\u00f3 en el mercado 105.990 neum\u00e1ticos en el 2013, motivo por el cual debe reciclar\/reencauchar 21.198 neum\u00e1ticos usados (20%) en el 2014.<\/span><\/p>\n<p align=\"JUSTIFY\"><span style=\"color: #000000;\">En el 2013 se import\u00f3 un total de 2\u00b4771.310 neum\u00e1ticos y se produjeron aproximadamente 1 mill\u00f3n. El MAE busca a trav\u00e9s del programa de reciclase de neum\u00e1ticos usados disminuir su impacto ambiental y en la salud p\u00fablica, para eso cuenta tambi\u00e9n con el apoyo del Ministerio de Salud P\u00fablica. Adem\u00e1s, de la Armada Nacional para la movilizaci\u00f3n de esos neum\u00e1ticos desde las islas Gal\u00e1pagos.\u00a0<\/span><\/p>\n","protected":false},"excerpt":{"rendered":"<p class=\"excerpt\">El Ministerio del Ambiente (MAE) promueve en todo el pa\u00eds se reciclen m\u00e1s de 750 mil neum\u00e1ticos usados hasta finales del 2014. Para llegar a la meta, mantiene permanentes contactos con diferentes Gobiernos Aut\u00f3nomos Descentralizados (GAD) y empresas vinculadas al sector importador de neum\u00e1ticos. A la fecha, junto a los GAD de m\u00e1s de 15 cantones y el sector empresarial,&hellip; <a href=\"https:\/\/www.ambienteyenergia.gob.ec\/ambiente\/mae-promueve-el-reciclaje-de-mas-700-mil-neumaticos-usados\/\">Read more &rarr;<\/a><\/p>\n","protected":false},"author":13,"featured_media":22415,"comment_status":"open","ping_status":"open","sticky":false,"template":"","format":"standard","meta":{"footnotes":""},"categories":[16,4],"tags":[92,387,549],"class_list":["post-22414","post","type-post","status-publish","format-standard","has-post-thumbnail","hentry","category-comunicamos","category-noticias","tag-desechos-solidos","tag-mae-lorena-tapia","tag-neumaticos","xfolkentry"],"_links":{"self":[{"href":"https:\/\/www.ambienteyenergia.gob.ec\/ambiente\/wp-json\/wp\/v2\/posts\/22414","targetHints":{"allow":["GET"]}}],"collection":[{"href":"https:\/\/www.ambienteyenergia.gob.ec\/ambiente\/wp-json\/wp\/v2\/posts"}],"about":[{"href":"https:\/\/www.ambienteyenergia.gob.ec\/ambiente\/wp-json\/wp\/v2\/types\/post"}],"author":[{"embeddable":true,"href":"https:\/\/www.ambienteyenergia.gob.ec\/ambiente\/wp-json\/wp\/v2\/users\/13"}],"replies":[{"embeddable":true,"href":"https:\/\/www.ambienteyenergia.gob.ec\/ambiente\/wp-json\/wp\/v2\/comments?post=22414"}],"version-history":[{"count":0,"href":"https:\/\/www.ambienteyenergia.gob.ec\/ambiente\/wp-json\/wp\/v2\/posts\/22414\/revisions"}],"wp:featuredmedia":[{"embeddable":true,"href":"https:\/\/www.ambienteyenergia.gob.ec\/ambiente\/wp-json\/wp\/v2\/media\/22415"}],"wp:attachment":[{"href":"https:\/\/www.ambienteyenergia.gob.ec\/ambiente\/wp-json\/wp\/v2\/media?parent=22414"}],"wp:term":[{"taxonomy":"category","embeddable":true,"href":"https:\/\/www.ambienteyenergia.gob.ec\/ambiente\/wp-json\/wp\/v2\/categories?post=22414"},{"taxonomy":"post_tag","embeddable":true,"href":"https:\/\/www.ambienteyenergia.gob.ec\/ambiente\/wp-json\/wp\/v2\/tags?post=22414"}],"curies":[{"name":"wp","href":"https:\/\/api.w.org\/{rel}","templated":true}]}}