{"id":22409,"date":"2014-09-12T18:28:11","date_gmt":"2014-09-12T23:28:11","guid":{"rendered":"http:\/\/www.ambiente.gob.ec\/?p=22409"},"modified":"2014-09-12T18:28:12","modified_gmt":"2014-09-12T23:28:12","slug":"ministra-tapia-firmo-convenio-para-restauracion-forestal-de-7-000-hectareas-en-chimborazo","status":"publish","type":"post","link":"https:\/\/www.ambienteyenergia.gob.ec\/ambiente\/ministra-tapia-firmo-convenio-para-restauracion-forestal-de-7-000-hectareas-en-chimborazo\/","title":{"rendered":"Ministra Tapia firm\u00f3 convenio para  restauraci\u00f3n forestal de 7 000 hect\u00e1reas  en Chimborazo"},"content":{"rendered":"<p class=\"Standard\" style=\"text-align: justify;\">Hoy, en la ciudad de Riobamba, la Ministra del Ambiente, Lorena Tapia, y el Prefecto de Chimborazo, Mariano Curicama; firmaron un convenio para la restauraci\u00f3n forestal de 7 000 hect\u00e1reas\u00a0 a nivel provincial, con una inversi\u00f3n de\u00a0 $ 4\u00b4513.000. Ello, en el marco del Plan Nacional de Restauraci\u00f3n Forestal.<\/p>\n<p class=\"Standard\" style=\"text-align: justify;\">\u201cEste d\u00eda firmamos un importante convenio con la prefectura para la restauraci\u00f3n de 7 000 hect\u00e1reas. Sin lugar a dudas es una muestra del compromiso ambiental que tienen actualmente los gobiernos provinciales en el Ecuador, en coordinaci\u00f3n con la Cartera de Estado que presido. Son buenas noticias porque estamos aportando a la conservaci\u00f3n de nuestros bosques y p\u00e1ramos. Hoy m\u00e1s que nunca el trabajo debe ser conjunto\u201d, resalt\u00f3 la Ministra Tapia, durante su intervenci\u00f3n.<\/p>\n<p class=\"Standard\" style=\"text-align: justify;\">El Prefecto Mariano Curicama indic\u00f3 que este es uno de los convenios m\u00e1s grandes que se ha firmando en Chimborazo. Adem\u00e1s, agradeci\u00f3 la gesti\u00f3n de la Ministra del Ambiente a trav\u00e9s de su equipo de la Direcci\u00f3n Provincial (MAE). \u201cLa provincia de Chimborazo reconoce todo el trabajo que el Gobierno, esta haciendo por los que estuvimos olvidados por muchos a\u00f1os. Estamos agradecidos con el MAE por guiarnos para cuidar los recursos naturales de\u00a0 nuestra Pacha Mama\u201d.<\/p>\n<p class=\"Standard\" style=\"text-align: justify;\"><b>Plan Nacional de Restauraci\u00f3n Forestal<\/b><\/p>\n<p class=\"Standard\" style=\"text-align: justify;\">El Plan Nacional de Restauraci\u00f3n es parte de la nueva pol\u00edtica de gobernanza del Patrimonio Nacional.\u00a0 Dentro sus ejes estrat\u00e9gicos, incorpora la entrega de incentivos que facilitan la ejecuci\u00f3n de las diversas actividades de mejoramiento ambiental como la conservaci\u00f3n, la reforestaci\u00f3n, la restauraci\u00f3n pasiva, entre otras.<\/p>\n<p class=\"Textbody\" style=\"text-align: justify;\">En ese sentido, la Ministra Tapia explic\u00f3 que este plan, se propone como meta la recuperaci\u00f3n de 500 mil hect\u00e1reas hasta 2017, a nivel nacional.\u00a0 \u201cEl Plan Nacional de Restauraci\u00f3n es un hito de la gesti\u00f3n del Ministerio del Ambiente. Antes la meta anual de recuperaci\u00f3n era de 20 mil hect\u00e1reas, ahora nuestra meta es 100 mil hect\u00e1reas, solo\u00a0 para este a\u00f1o\u201d.<\/p>\n<p class=\"Textbody\" style=\"text-align: justify;\">Finalmente, invit\u00f3 a los ciudadanos y a los Gobierno Aut\u00f3nomos Descentralizados a ser aliados del MAE en el cuidado y protecci\u00f3n del ambiente.<\/p>\n<p class=\"Textbody\" style=\"text-align: justify;\">\u201cQuiero invitar a los ciudadanos y a los GAD\u00a0 a que se sumen a gestionar iniciativas de reforestaci\u00f3n y conservaci\u00f3n en sus territorios.\u00a0 El camino no es f\u00e1cil, pero es m\u00e1s f\u00e1cil si lo hacemos juntos. No somos un Gobierno de palabras, sino de hechos, y este es el ejemplo de ello, el Gobierno de la revoluci\u00f3n ciudadana avanza en la transformaci\u00f3n ambiental en todo el pa\u00eds\u201d, enfatiz\u00f3 la Titular del Ambiente.<\/p>\n","protected":false},"excerpt":{"rendered":"<p class=\"excerpt\">Hoy, en la ciudad de Riobamba, la Ministra del Ambiente, Lorena Tapia, y el Prefecto de Chimborazo, Mariano Curicama; firmaron un convenio para la restauraci\u00f3n forestal de 7 000 hect\u00e1reas\u00a0 a nivel provincial, con una inversi\u00f3n de\u00a0 $ 4\u00b4513.000. Ello, en el marco del Plan Nacional de Restauraci\u00f3n Forestal. \u201cEste d\u00eda firmamos un importante convenio con la prefectura para la&hellip; <a href=\"https:\/\/www.ambienteyenergia.gob.ec\/ambiente\/ministra-tapia-firmo-convenio-para-restauracion-forestal-de-7-000-hectareas-en-chimborazo\/\">Read more &rarr;<\/a><\/p>\n","protected":false},"author":13,"featured_media":22410,"comment_status":"open","ping_status":"open","sticky":false,"template":"","format":"standard","meta":{"footnotes":""},"categories":[16,4],"tags":[101,387],"class_list":["post-22409","post","type-post","status-publish","format-standard","has-post-thumbnail","hentry","category-comunicamos","category-noticias","tag-chimborazo","tag-mae-lorena-tapia","xfolkentry"],"_links":{"self":[{"href":"https:\/\/www.ambienteyenergia.gob.ec\/ambiente\/wp-json\/wp\/v2\/posts\/22409","targetHints":{"allow":["GET"]}}],"collection":[{"href":"https:\/\/www.ambienteyenergia.gob.ec\/ambiente\/wp-json\/wp\/v2\/posts"}],"about":[{"href":"https:\/\/www.ambienteyenergia.gob.ec\/ambiente\/wp-json\/wp\/v2\/types\/post"}],"author":[{"embeddable":true,"href":"https:\/\/www.ambienteyenergia.gob.ec\/ambiente\/wp-json\/wp\/v2\/users\/13"}],"replies":[{"embeddable":true,"href":"https:\/\/www.ambienteyenergia.gob.ec\/ambiente\/wp-json\/wp\/v2\/comments?post=22409"}],"version-history":[{"count":0,"href":"https:\/\/www.ambienteyenergia.gob.ec\/ambiente\/wp-json\/wp\/v2\/posts\/22409\/revisions"}],"wp:featuredmedia":[{"embeddable":true,"href":"https:\/\/www.ambienteyenergia.gob.ec\/ambiente\/wp-json\/wp\/v2\/media\/22410"}],"wp:attachment":[{"href":"https:\/\/www.ambienteyenergia.gob.ec\/ambiente\/wp-json\/wp\/v2\/media?parent=22409"}],"wp:term":[{"taxonomy":"category","embeddable":true,"href":"https:\/\/www.ambienteyenergia.gob.ec\/ambiente\/wp-json\/wp\/v2\/categories?post=22409"},{"taxonomy":"post_tag","embeddable":true,"href":"https:\/\/www.ambienteyenergia.gob.ec\/ambiente\/wp-json\/wp\/v2\/tags?post=22409"}],"curies":[{"name":"wp","href":"https:\/\/api.w.org\/{rel}","templated":true}]}}