{"id":22405,"date":"2014-09-12T15:36:49","date_gmt":"2014-09-12T20:36:49","guid":{"rendered":"http:\/\/www.ambiente.gob.ec\/?p=22405"},"modified":"2014-09-12T15:36:49","modified_gmt":"2014-09-12T20:36:49","slug":"mae-capacita-a-funcionarios-de-la-arcom-sobre-identificacion-y-manejo-de-mercurio-metalico","status":"publish","type":"post","link":"https:\/\/www.ambienteyenergia.gob.ec\/ambiente\/mae-capacita-a-funcionarios-de-la-arcom-sobre-identificacion-y-manejo-de-mercurio-metalico\/","title":{"rendered":"MAE capacita a funcionarios de la ARCOM sobre identificaci\u00f3n y manejo de mercurio met\u00e1lico"},"content":{"rendered":"<p align=\"JUSTIFY\"><span style=\"font-family: Calibri, sans-serif;\">El Ministerio del Ambiente de Ecuador (MAE), a trav\u00e9s de la Direcci\u00f3n Nacional de Control Ambiental realiz\u00f3 una capacitaci\u00f3n a funcionarios de la Agencia de Regulaci\u00f3n y Control Minero (ARCOM) sobre temas de manejo de mercurio met\u00e1lico en procesos de extracci\u00f3n minera.<\/span><\/p>\n<p align=\"JUSTIFY\"><span style=\"font-family: Calibri, sans-serif;\">En el Sal\u00f3n Auditorio de la Gobernaci\u00f3n, el d\u00eda de ayer, se llev\u00f3 a efecto el taller con la participaci\u00f3n de 19 funcionarios Direcciones Provinciales de Zamora, Loja, Portovelo, Macas, Ibarra, Esmeraldas de la ARCOM, con el objetivo de brindar las herramientas necesarias para identificar el mercurio; conocer los riesgos en la salud; reconocer fuentes contaminantes del mercurio y amalgamas, entre otros temas.<\/span><\/p>\n<p align=\"JUSTIFY\"><span style=\"font-family: Calibri, sans-serif;\">Silvia Veloz, t\u00e9cnica de la Unidad de Sustancias Qu\u00edmicas, Desechos Peligrosos y Especiales, de la Direcci\u00f3n Nacional de Control Ambiental, facilit\u00f3 a los participantes informaci\u00f3n de c\u00f3mo actuar en caso de emergencias, el equipo de protecci\u00f3n personal a utilizar y las acciones de prevenci\u00f3n para manejo de mercurio, as\u00ed como recomendaciones espec\u00edficas para ser consideradas en campo y su uso en la miner\u00eda.<\/span><\/p>\n<p align=\"JUSTIFY\"><span style=\"font-family: Calibri, sans-serif;\"><span style=\"font-size: medium;\">En este contexto el MAE expidi\u00f3 el pasado mes de mayo, el Acuerdo Ministerial N\u00b0 060<i>, <\/i>el mismo que contiene los par\u00e1metros b\u00e1sicos para la aplicaci\u00f3n, utilizaci\u00f3n y control sobre el manejo del mercurio, as\u00ed como tambi\u00e9n sobre la autorizaci\u00f3n y obligaciones que cada una de las partes posee para evitar las sanciones correspondientes seg\u00fan los programas de control.<\/span><\/span><\/p>\n<p align=\"JUSTIFY\"><span style=\"font-family: Calibri, sans-serif;\">Esta Cartera de Estado se encuentra realizando operativos de control de miner\u00eda ilegal con el fin de contrarrestar los efectos adversos al ambiente por esta pr\u00e1ctica que no cuenta con los par\u00e1metros t\u00e9cnicos de operaci\u00f3n, ni con la documentaci\u00f3n necesaria para su regularizaci\u00f3n, es por tal motivo que estas capacitaciones est\u00e1n dirigidas a todos los actores involucrados.<\/span><\/p>\n","protected":false},"excerpt":{"rendered":"<p class=\"excerpt\">El Ministerio del Ambiente de Ecuador (MAE), a trav\u00e9s de la Direcci\u00f3n Nacional de Control Ambiental realiz\u00f3 una capacitaci\u00f3n a funcionarios de la Agencia de Regulaci\u00f3n y Control Minero (ARCOM) sobre temas de manejo de mercurio met\u00e1lico en procesos de extracci\u00f3n minera. En el Sal\u00f3n Auditorio de la Gobernaci\u00f3n, el d\u00eda de ayer, se llev\u00f3 a efecto el taller con&hellip; <a href=\"https:\/\/www.ambienteyenergia.gob.ec\/ambiente\/mae-capacita-a-funcionarios-de-la-arcom-sobre-identificacion-y-manejo-de-mercurio-metalico\/\">Read more &rarr;<\/a><\/p>\n","protected":false},"author":13,"featured_media":22352,"comment_status":"open","ping_status":"open","sticky":false,"template":"","format":"standard","meta":{"footnotes":""},"categories":[16,4],"tags":[387],"class_list":["post-22405","post","type-post","status-publish","format-standard","has-post-thumbnail","hentry","category-comunicamos","category-noticias","tag-mae-lorena-tapia","xfolkentry"],"_links":{"self":[{"href":"https:\/\/www.ambienteyenergia.gob.ec\/ambiente\/wp-json\/wp\/v2\/posts\/22405","targetHints":{"allow":["GET"]}}],"collection":[{"href":"https:\/\/www.ambienteyenergia.gob.ec\/ambiente\/wp-json\/wp\/v2\/posts"}],"about":[{"href":"https:\/\/www.ambienteyenergia.gob.ec\/ambiente\/wp-json\/wp\/v2\/types\/post"}],"author":[{"embeddable":true,"href":"https:\/\/www.ambienteyenergia.gob.ec\/ambiente\/wp-json\/wp\/v2\/users\/13"}],"replies":[{"embeddable":true,"href":"https:\/\/www.ambienteyenergia.gob.ec\/ambiente\/wp-json\/wp\/v2\/comments?post=22405"}],"version-history":[{"count":0,"href":"https:\/\/www.ambienteyenergia.gob.ec\/ambiente\/wp-json\/wp\/v2\/posts\/22405\/revisions"}],"wp:featuredmedia":[{"embeddable":true,"href":"https:\/\/www.ambienteyenergia.gob.ec\/ambiente\/wp-json\/wp\/v2\/media\/22352"}],"wp:attachment":[{"href":"https:\/\/www.ambienteyenergia.gob.ec\/ambiente\/wp-json\/wp\/v2\/media?parent=22405"}],"wp:term":[{"taxonomy":"category","embeddable":true,"href":"https:\/\/www.ambienteyenergia.gob.ec\/ambiente\/wp-json\/wp\/v2\/categories?post=22405"},{"taxonomy":"post_tag","embeddable":true,"href":"https:\/\/www.ambienteyenergia.gob.ec\/ambiente\/wp-json\/wp\/v2\/tags?post=22405"}],"curies":[{"name":"wp","href":"https:\/\/api.w.org\/{rel}","templated":true}]}}