{"id":22402,"date":"2014-09-12T13:17:23","date_gmt":"2014-09-12T18:17:23","guid":{"rendered":"http:\/\/www.ambiente.gob.ec\/?p=22402"},"modified":"2014-09-12T15:01:26","modified_gmt":"2014-09-12T20:01:26","slug":"mae-participo-en-la-semana-del-financiamiento-climatico-en-lima","status":"publish","type":"post","link":"https:\/\/www.ambienteyenergia.gob.ec\/ambiente\/mae-participo-en-la-semana-del-financiamiento-climatico-en-lima\/","title":{"rendered":"MAE particip\u00f3 en la Semana del Financiamiento Clim\u00e1tico en Lima"},"content":{"rendered":"<p align=\"JUSTIFY\">Sector privado, bancos multilaterales, agencias de cooperaci\u00f3n, representantes gubernamentales de Am\u00e9rica Latina y negociadores de financiamiento clim\u00e1tico de la Convenci\u00f3n Marco de las Naciones Unidas sobre el Cambio Clim\u00e1tico (CMNUCC) se dieron cita en la Semana del Financiamiento Clim\u00e1tico en Lima.<\/p>\n<p align=\"JUSTIFY\">Como parte del evento, un funcionario de la Subsecretar\u00eda de Cambio Clim\u00e1tico del Ministerio del Ambiente de Ecuador (MAE), present\u00f3 las experiencias y lecciones aprendidas de nuestro pa\u00eds en relaci\u00f3n a la movilizaci\u00f3n de flujos financieros preparatorios para REDD+.<\/p>\n<p align=\"JUSTIFY\">Adem\u00e1s, el t\u00e9cnico del MAE, coordin\u00f3 junto a Nueva Zelanda un di\u00e1logo entre negociadores de financiamiento clim\u00e1tico, en el que se presentaron sugerencias para Per\u00fa en la realizaci\u00f3n de segmentos ministeriales durante la Conferencia de las Partes (COP) y se foment\u00f3 un intercambio de perspectivas sobre el rol e importancia de los marcos habilitantes y la transparencia en la movilizaci\u00f3n del financiamiento clim\u00e1tico desde varias fuentes.<\/p>\n<p align=\"JUSTIFY\">Este evento, forma parte de otros que organiza el gobierno de Per\u00fa para fomentar el di\u00e1logo entre representantes gubernamentales y otros actores con los que se espera lograr acuerdos para el \u00e9xito de la Conferencia de las Partes (COP20) que se realizar\u00e1 en Lima.<\/p>\n<p align=\"JUSTIFY\"><strong>El dato<\/strong><\/p>\n<p align=\"JUSTIFY\">El mes de octubre, el pa\u00eds participar\u00e1 como miembro alterno en la Junta Ejecutiva del Fondo Verde Clim\u00e1tico y coordinar\u00e1 junto con Per\u00fa la finalizaci\u00f3n de arreglos para la movilizaci\u00f3n de fondos, postulaci\u00f3n y financiamiento de proyectos por parte del Fondo.<\/p>\n","protected":false},"excerpt":{"rendered":"<p class=\"excerpt\">Sector privado, bancos multilaterales, agencias de cooperaci\u00f3n, representantes gubernamentales de Am\u00e9rica Latina y negociadores de financiamiento clim\u00e1tico de la Convenci\u00f3n Marco de las Naciones Unidas sobre el Cambio Clim\u00e1tico (CMNUCC) se dieron cita en la Semana del Financiamiento Clim\u00e1tico en Lima. Como parte del evento, un funcionario de la Subsecretar\u00eda de Cambio Clim\u00e1tico del Ministerio del Ambiente de Ecuador (MAE),&hellip; <a href=\"https:\/\/www.ambienteyenergia.gob.ec\/ambiente\/mae-participo-en-la-semana-del-financiamiento-climatico-en-lima\/\">Read more &rarr;<\/a><\/p>\n","protected":false},"author":13,"featured_media":22403,"comment_status":"open","ping_status":"open","sticky":false,"template":"","format":"standard","meta":{"footnotes":""},"categories":[16,4],"tags":[],"class_list":["post-22402","post","type-post","status-publish","format-standard","has-post-thumbnail","hentry","category-comunicamos","category-noticias","xfolkentry"],"_links":{"self":[{"href":"https:\/\/www.ambienteyenergia.gob.ec\/ambiente\/wp-json\/wp\/v2\/posts\/22402","targetHints":{"allow":["GET"]}}],"collection":[{"href":"https:\/\/www.ambienteyenergia.gob.ec\/ambiente\/wp-json\/wp\/v2\/posts"}],"about":[{"href":"https:\/\/www.ambienteyenergia.gob.ec\/ambiente\/wp-json\/wp\/v2\/types\/post"}],"author":[{"embeddable":true,"href":"https:\/\/www.ambienteyenergia.gob.ec\/ambiente\/wp-json\/wp\/v2\/users\/13"}],"replies":[{"embeddable":true,"href":"https:\/\/www.ambienteyenergia.gob.ec\/ambiente\/wp-json\/wp\/v2\/comments?post=22402"}],"version-history":[{"count":0,"href":"https:\/\/www.ambienteyenergia.gob.ec\/ambiente\/wp-json\/wp\/v2\/posts\/22402\/revisions"}],"wp:featuredmedia":[{"embeddable":true,"href":"https:\/\/www.ambienteyenergia.gob.ec\/ambiente\/wp-json\/wp\/v2\/media\/22403"}],"wp:attachment":[{"href":"https:\/\/www.ambienteyenergia.gob.ec\/ambiente\/wp-json\/wp\/v2\/media?parent=22402"}],"wp:term":[{"taxonomy":"category","embeddable":true,"href":"https:\/\/www.ambienteyenergia.gob.ec\/ambiente\/wp-json\/wp\/v2\/categories?post=22402"},{"taxonomy":"post_tag","embeddable":true,"href":"https:\/\/www.ambienteyenergia.gob.ec\/ambiente\/wp-json\/wp\/v2\/tags?post=22402"}],"curies":[{"name":"wp","href":"https:\/\/api.w.org\/{rel}","templated":true}]}}