{"id":22399,"date":"2014-09-12T10:56:40","date_gmt":"2014-09-12T15:56:40","guid":{"rendered":"http:\/\/www.ambiente.gob.ec\/?p=22399"},"modified":"2014-09-12T10:56:40","modified_gmt":"2014-09-12T15:56:40","slug":"mae-entrega-plan-de-manejo-para-reserva-marina-galera-san-francisco","status":"publish","type":"post","link":"https:\/\/www.ambienteyenergia.gob.ec\/ambiente\/mae-entrega-plan-de-manejo-para-reserva-marina-galera-san-francisco\/","title":{"rendered":"MAE entrega plan de manejo para Reserva Marina Galera San Francisco"},"content":{"rendered":"<p class=\"western\" lang=\"es-ES\" align=\"JUSTIFY\"><span style=\"font-family: Arial, serif;\">El Ministerio del Ambiente de Ecuador (MAE), a trav\u00e9s de la Subsecretar\u00eda de Gesti\u00f3n Marina y Costera (SGMC), realiz\u00f3 la entrega plan de manejo para la Reserva Mariana Galera San Francisco, a la comunidad y autoridades de cabo San Francisco, Quingue y Galera, provincia de Esmeraldas.<\/span><\/p>\n<p class=\"western\" lang=\"en-US\" align=\"JUSTIFY\"><span style=\"font-family: Arial, serif;\"><span style=\"font-size: medium;\"><span lang=\"es-ES\">El Presidente de la Junta Parroquial de Quingue, Jos\u00e9 Ram\u00edrez Hern\u00e1ndez, dio la bienvenida a las autoridades del MAE, a la localidad, mientras que Mar\u00eda Jos\u00e9 V\u00e1sconez, Jefa de la reserva, resalt\u00f3 el trabajo efectuado en un trabajo conjunto con l<\/span><\/span><\/span><span style=\"font-family: Arial, serif;\"><span style=\"font-size: medium;\"><span lang=\"es-ES\">a comunidad<\/span><\/span><\/span><span style=\"font-family: Arial, serif;\"><span style=\"font-size: medium;\"><span lang=\"es-ES\">.<\/span><\/span><\/span><\/p>\n<p class=\"western\" lang=\"en-US\" align=\"JUSTIFY\"><span style=\"font-family: Arial, serif;\"><span style=\"font-size: medium;\"><span lang=\"es-ES\">Por su parte, el Subsecretario <\/span><\/span><\/span><span style=\"font-family: Arial, serif;\"><span style=\"font-size: medium;\"><span lang=\"es-ES\">de Gesti\u00f3n Marina y Costera, Eli\u00e9cer Cruz Bed\u00f3n, resalt\u00f3<\/span><\/span><\/span><span style=\"font-family: Arial, serif;\"><span style=\"font-size: medium;\"><span lang=\"es-ES\"> que el plan de manejo es una herramienta din\u00e1mica que ayudar\u00e1 a la protecci\u00f3n ecol\u00f3gica de esta importante zona llena de biodiversidad. Adem\u00e1s, record\u00f3 a los asistentes que el plan se debe evaluar al cabo de dos a\u00f1os, como parte de un proceso adaptativo y de mejora continua.<\/span><\/span><\/span><\/p>\n<p class=\"western\" lang=\"en-US\" align=\"JUSTIFY\"><span style=\"font-family: Arial, serif;\"><span style=\"font-size: medium;\"><span lang=\"es-ES\">Omar Luna, Director Provincial del Ambiente de Esmeraldas (subrogante), expres\u00f3 su complacencia por obtener e<\/span><\/span><\/span><span style=\"font-family: Arial, serif;\"><span style=\"font-size: medium;\"><span lang=\"es-ES\">ste<\/span><\/span><\/span><span style=\"font-family: Arial, serif;\"><span style=\"font-size: medium;\"><span lang=\"es-ES\"> plan que permitir\u00e1 orientar un efectivo control del \u00e1rea protegida, tras recibir el documento de las manos del Subsecretario.<\/span><\/span><\/span><\/p>\n<p class=\"western\" lang=\"en-US\" align=\"JUSTIFY\"><span style=\"font-family: Arial, serif;\"><span style=\"font-size: medium;\"><span lang=\"es-ES\">Los habitantes de las comunidades involucradas, tambi\u00e9n tuvieron la oportunidad de intervenir. Fue el caso de Roberto Garc\u00eda, pescador de la Parroquia San Francisco, <\/span><\/span><\/span><span style=\"font-family: Arial, serif;\"><span style=\"font-size: medium;\"><span lang=\"es-ES\">argument\u00f3 <\/span><\/span><\/span><span style=\"font-family: Arial, serif;\"><span style=\"font-size: medium;\"><span lang=\"es-ES\">qu<\/span><\/span><\/span><span style=\"font-family: Arial, serif;\"><span style=\"font-size: medium;\"><span lang=\"es-ES\">e el trabajo de implementaci\u00f3n del plan debe considerar a todos los sectores que tienen, de forma directa o indirecta, influencia en el sector, con el fin de evitar incumplimientos y lograr el desarrollo sostenible de la reserva.<\/span><\/span><\/span><\/p>\n<p class=\"western\" lang=\"en-US\" align=\"JUSTIFY\"><span style=\"font-family: Arial, serif;\"><span style=\"font-size: medium;\"><span lang=\"es-ES\">Adem\u00e1s<\/span><\/span><\/span><span style=\"font-family: Arial, serif;\"><span style=\"font-size: medium;\"><span lang=\"es-ES\">, Roberto Hinojosa, Presidente de la Asociaci\u00f3n de Desarrollo Galera San Francisco, manifest\u00f3 su satisfacci\u00f3n por la entrega del documento, <\/span><\/span><\/span><span style=\"font-family: Arial, serif;\"><span style=\"font-size: medium;\"><span lang=\"es-ES\">que es el resultado de un trabajo arduo y conjunto, en beneficio de la comunidad y el ambiente<\/span><\/span><\/span><span style=\"font-family: Arial, serif;\"><span style=\"font-size: medium;\"><span lang=\"es-ES\">.<\/span><\/span><\/span><\/p>\n<p class=\"western\" lang=\"en-US\" align=\"JUSTIFY\"><span style=\"font-family: Arial, serif;\"><span style=\"font-size: medium;\"><span lang=\"es-ES\">Hinojosa destac\u00f3 que trabajaron en busca del bienestar de los recursos y servic<\/span><\/span><\/span><span style=\"font-family: Arial, serif;\"><span style=\"font-size: medium;\"><span lang=\"es-ES\">i<\/span><\/span><\/span><span style=\"font-family: Arial, serif;\"><span style=\"font-size: medium;\"><span lang=\"es-ES\">os naturales que hay en el lugar, para preservarlos en beneficio de las futuras generaciones.<\/span><\/span><\/span><\/p>\n<p class=\"western\" lang=\"es-ES\" align=\"JUSTIFY\"><strong><span style=\"font-family: Arial, serif;\">Reuni\u00f3n de trabajo<\/span><\/strong><\/p>\n<p class=\"western\" lang=\"en-US\" align=\"JUSTIFY\"><span style=\"font-family: Arial, serif;\"><span style=\"font-size: medium;\"><span lang=\"es-ES\">Una reuni\u00f3n de trabajo fue el pre\u00e1mbulo para que el Subsecretario <\/span><\/span><\/span><span style=\"font-family: Arial, serif;\"><span style=\"font-size: medium;\"><span lang=\"es-ES\">de Gesti\u00f3n Marina y Costera (SGMC)<\/span><\/span><\/span><span style=\"font-family: Arial, serif;\"><span style=\"font-size: medium;\"><span lang=\"es-ES\"> conociera la realidad de 13 organizaciones beneficiadas con los Acuerdos de Uso Sustentable y Custodia de Manglar para Usuarios Ancestrales y difundir los beneficios de acceder al Programa Socio Manglar.<\/span><\/span><\/span><\/p>\n<p class=\"western\" lang=\"en-US\" align=\"JUSTIFY\"><span style=\"font-family: Arial, serif;\"><span style=\"font-size: medium;\"><span lang=\"es-ES\">En la reuni\u00f3n efectuada en la parroquia Olmedo, de la provincia de Esmeraldas, los representantes de 11 organizaciones buscaron soluciones a la caducidad de sus acuerdos, que no pueden ser renovados por <\/span><\/span><\/span><span style=\"font-family: Arial, serif;\"><span style=\"font-size: medium;\"><span lang=\"es-ES\">inconsistencias en su personer\u00eda jur\u00eddica.<\/span><\/span><\/span><\/p>\n<p class=\"western\" lang=\"en-US\" align=\"JUSTIFY\"><span style=\"font-family: Arial, serif;\"><span style=\"font-size: medium;\"><span lang=\"es-ES\">Es por tal motivo que e<\/span><\/span><\/span><span style=\"font-family: Arial, serif;\"><span style=\"font-size: medium;\"><span lang=\"es-ES\">l Subsecretario se comprometi\u00f3 a <\/span><\/span><\/span><span style=\"font-family: Arial, serif;\"><span style=\"font-size: medium;\"><span lang=\"es-ES\">ayudar a los involucrados para la realizaci\u00f3n de <\/span><\/span><\/span><span style=\"font-family: Arial, serif;\"><span style=\"font-size: medium;\"><span lang=\"es-ES\">los tr\u00e1mites necesarios, con el apoyo de la Direcci\u00f3n Provincial de Esmeraldas. Asimismo, explic\u00f3 que con <\/span><\/span><\/span><span style=\"font-family: Arial, serif;\"><span style=\"font-size: medium;\"><span lang=\"es-ES\">los<\/span><\/span><\/span><span style=\"font-family: Arial, serif;\"><span style=\"font-size: medium;\"><span lang=\"es-ES\"> documento<\/span><\/span><\/span><span style=\"font-family: Arial, serif;\"><span style=\"font-size: medium;\"><span lang=\"es-ES\">s correspondientes, las organizaciones<\/span><\/span><\/span><span style=\"font-family: Arial, serif;\"><span style=\"font-size: medium;\"><span lang=\"es-ES\"> podr\u00e1n solicitar incentivos econ\u00f3micos para la conservaci\u00f3n del manglar.<\/span><\/span><\/span><\/p>\n","protected":false},"excerpt":{"rendered":"<p class=\"excerpt\">El Ministerio del Ambiente de Ecuador (MAE), a trav\u00e9s de la Subsecretar\u00eda de Gesti\u00f3n Marina y Costera (SGMC), realiz\u00f3 la entrega plan de manejo para la Reserva Mariana Galera San Francisco, a la comunidad y autoridades de cabo San Francisco, Quingue y Galera, provincia de Esmeraldas. El Presidente de la Junta Parroquial de Quingue, Jos\u00e9 Ram\u00edrez Hern\u00e1ndez, dio la bienvenida&hellip; <a href=\"https:\/\/www.ambienteyenergia.gob.ec\/ambiente\/mae-entrega-plan-de-manejo-para-reserva-marina-galera-san-francisco\/\">Read more &rarr;<\/a><\/p>\n","protected":false},"author":13,"featured_media":22400,"comment_status":"open","ping_status":"open","sticky":false,"template":"","format":"standard","meta":{"footnotes":""},"categories":[16,4],"tags":[551,387],"class_list":["post-22399","post","type-post","status-publish","format-standard","has-post-thumbnail","hentry","category-comunicamos","category-noticias","tag-galera-san-francisco","tag-mae-lorena-tapia","xfolkentry"],"_links":{"self":[{"href":"https:\/\/www.ambienteyenergia.gob.ec\/ambiente\/wp-json\/wp\/v2\/posts\/22399","targetHints":{"allow":["GET"]}}],"collection":[{"href":"https:\/\/www.ambienteyenergia.gob.ec\/ambiente\/wp-json\/wp\/v2\/posts"}],"about":[{"href":"https:\/\/www.ambienteyenergia.gob.ec\/ambiente\/wp-json\/wp\/v2\/types\/post"}],"author":[{"embeddable":true,"href":"https:\/\/www.ambienteyenergia.gob.ec\/ambiente\/wp-json\/wp\/v2\/users\/13"}],"replies":[{"embeddable":true,"href":"https:\/\/www.ambienteyenergia.gob.ec\/ambiente\/wp-json\/wp\/v2\/comments?post=22399"}],"version-history":[{"count":0,"href":"https:\/\/www.ambienteyenergia.gob.ec\/ambiente\/wp-json\/wp\/v2\/posts\/22399\/revisions"}],"wp:featuredmedia":[{"embeddable":true,"href":"https:\/\/www.ambienteyenergia.gob.ec\/ambiente\/wp-json\/wp\/v2\/media\/22400"}],"wp:attachment":[{"href":"https:\/\/www.ambienteyenergia.gob.ec\/ambiente\/wp-json\/wp\/v2\/media?parent=22399"}],"wp:term":[{"taxonomy":"category","embeddable":true,"href":"https:\/\/www.ambienteyenergia.gob.ec\/ambiente\/wp-json\/wp\/v2\/categories?post=22399"},{"taxonomy":"post_tag","embeddable":true,"href":"https:\/\/www.ambienteyenergia.gob.ec\/ambiente\/wp-json\/wp\/v2\/tags?post=22399"}],"curies":[{"name":"wp","href":"https:\/\/api.w.org\/{rel}","templated":true}]}}