{"id":22397,"date":"2014-09-12T10:04:23","date_gmt":"2014-09-12T15:04:23","guid":{"rendered":"http:\/\/www.ambiente.gob.ec\/?p=22397"},"modified":"2014-09-12T10:04:23","modified_gmt":"2014-09-12T15:04:23","slug":"directorio-de-la-cuenca-del-rio-jubones-conocio-los-avances-del-proyecto-foreccsa-3","status":"publish","type":"post","link":"https:\/\/www.ambienteyenergia.gob.ec\/ambiente\/directorio-de-la-cuenca-del-rio-jubones-conocio-los-avances-del-proyecto-foreccsa-3\/","title":{"rendered":"Directorio de la Cuenca del R\u00edo Jubones conoci\u00f3 los avances del Proyecto FORECCSA"},"content":{"rendered":"<p align=\"JUSTIFY\">El Consorcio de la Cuenca del r\u00edo Jubones (CCRJ), organismo p\u00fablico conformado por 38 Gobiernos Aut\u00f3nomos Descentralizados parroquiales, trabaja mancomunadamente por la gesti\u00f3n integral de los recursos naturales de la cuenca y otros proyectos comunes dentro del territorio.<\/p>\n<p>En la actualidad el Ministerio del Ambiente de Ecuador (MAE), el Programa Mundial de Alimentos (PMA), el Ministerio de Agricultura, Ganader\u00eda, Acuacultura y Pesca (MAGAP) y el CCRJ como socio ejecutor, desarrollan el Proyecto \u201cFortalecimiento de la resiliencia de las comunidades ante los efectos adversos del cambio clim\u00e1tico con \u00e9nfasis en seguridad alimentaria en la cuenca del r\u00edo Jubones y Provincia de Pichincha\u201d (FORECCSA), cuyos objetivos se enmarcan en incrementar el conocimiento y fortalecer la capacidad adaptativa para las comunidades con alto nivel de inseguridad alimentaria frente a los impactos del cambio clim\u00e1tico, en 39 parroquias de la Cuenca.<\/p>\n<p>En este contexto, en la reuni\u00f3n de Directorio realizada en d\u00edas anteriores, el Proyecto FORECCSA realiz\u00f3 la presentaci\u00f3n de los equipos y propuestas de trabajo para dise\u00f1ar e implementar el Sistema de Alerta Temprana (SAT), con \u00e9nfasis en seguridad alimentaria para la Cuenca del R\u00edo Jubones y ejecutar la campa\u00f1a de sensibilizaci\u00f3n en temas de cambio clim\u00e1tico, seguridad alimentaria y g\u00e9nero.<\/p>\n<p>Los miembros del Directorio del Consorcio P\u00fablico de la Cuenca del R\u00edo Jubones, indicaron su satisfacci\u00f3n por los adelantos del proyecto y las propuestas presentadas. Adem\u00e1s expresaron el compromiso y respaldo de su organizaci\u00f3n para avanzar en firme con la implementaci\u00f3n de este importante proyecto que es pionero en abordar la tem\u00e1tica de Cambio Clim\u00e1tico y Seguridad Alimentaria.<\/p>\n","protected":false},"excerpt":{"rendered":"<p class=\"excerpt\">El Consorcio de la Cuenca del r\u00edo Jubones (CCRJ), organismo p\u00fablico conformado por 38 Gobiernos Aut\u00f3nomos Descentralizados parroquiales, trabaja mancomunadamente por la gesti\u00f3n integral de los recursos naturales de la cuenca y otros proyectos comunes dentro del territorio. En la actualidad el Ministerio del Ambiente de Ecuador (MAE), el Programa Mundial de Alimentos (PMA), el Ministerio de Agricultura, Ganader\u00eda, Acuacultura&hellip; <a href=\"https:\/\/www.ambienteyenergia.gob.ec\/ambiente\/directorio-de-la-cuenca-del-rio-jubones-conocio-los-avances-del-proyecto-foreccsa-3\/\">Read more &rarr;<\/a><\/p>\n","protected":false},"author":13,"featured_media":22391,"comment_status":"open","ping_status":"open","sticky":false,"template":"","format":"standard","meta":{"footnotes":""},"categories":[16,4],"tags":[387],"class_list":["post-22397","post","type-post","status-publish","format-standard","has-post-thumbnail","hentry","category-comunicamos","category-noticias","tag-mae-lorena-tapia","xfolkentry"],"_links":{"self":[{"href":"https:\/\/www.ambienteyenergia.gob.ec\/ambiente\/wp-json\/wp\/v2\/posts\/22397","targetHints":{"allow":["GET"]}}],"collection":[{"href":"https:\/\/www.ambienteyenergia.gob.ec\/ambiente\/wp-json\/wp\/v2\/posts"}],"about":[{"href":"https:\/\/www.ambienteyenergia.gob.ec\/ambiente\/wp-json\/wp\/v2\/types\/post"}],"author":[{"embeddable":true,"href":"https:\/\/www.ambienteyenergia.gob.ec\/ambiente\/wp-json\/wp\/v2\/users\/13"}],"replies":[{"embeddable":true,"href":"https:\/\/www.ambienteyenergia.gob.ec\/ambiente\/wp-json\/wp\/v2\/comments?post=22397"}],"version-history":[{"count":0,"href":"https:\/\/www.ambienteyenergia.gob.ec\/ambiente\/wp-json\/wp\/v2\/posts\/22397\/revisions"}],"wp:featuredmedia":[{"embeddable":true,"href":"https:\/\/www.ambienteyenergia.gob.ec\/ambiente\/wp-json\/wp\/v2\/media\/22391"}],"wp:attachment":[{"href":"https:\/\/www.ambienteyenergia.gob.ec\/ambiente\/wp-json\/wp\/v2\/media?parent=22397"}],"wp:term":[{"taxonomy":"category","embeddable":true,"href":"https:\/\/www.ambienteyenergia.gob.ec\/ambiente\/wp-json\/wp\/v2\/categories?post=22397"},{"taxonomy":"post_tag","embeddable":true,"href":"https:\/\/www.ambienteyenergia.gob.ec\/ambiente\/wp-json\/wp\/v2\/tags?post=22397"}],"curies":[{"name":"wp","href":"https:\/\/api.w.org\/{rel}","templated":true}]}}