{"id":22394,"date":"2014-09-12T09:20:55","date_gmt":"2014-09-12T14:20:55","guid":{"rendered":"http:\/\/www.ambiente.gob.ec\/?p=22394"},"modified":"2014-09-12T15:42:29","modified_gmt":"2014-09-12T20:42:29","slug":"mae-libera-doce-especimenes-de-vida-silvestre-en-mindo-y-esmeraldas","status":"publish","type":"post","link":"https:\/\/www.ambienteyenergia.gob.ec\/ambiente\/mae-libera-doce-especimenes-de-vida-silvestre-en-mindo-y-esmeraldas\/","title":{"rendered":"MAE libera doce espec\u00edmenes de vida silvestre en Mindo y Esmeraldas"},"content":{"rendered":"<p style=\"text-align: justify;\">Doce espec\u00edmenes de vida silvestre fueron liberados en su h\u00e1bitat natural en atenci\u00f3n a denuncias, rescates, decomisos o entregas voluntarias en un trabajo coordinado entre el Ministerio del Ambiente (MAE) y la Unidad de Protecci\u00f3n del Medio Ambiente de la Polic\u00eda Nacional (UPMA).<\/p>\n<p style=\"text-align: justify;\">Entre los ejemplares se encontraban un loro cachete rosado, dos especies de tortuga, una guatusa y dos iguanas, los cuales fueron valorados t\u00e9cnica y cient\u00edficamente en el Hospital Docente de Especialidades Veterinarias de la Universidad San Francisco de Quito, en Cumbay\u00e1.<\/p>\n<p style=\"text-align: justify;\">Mientras que en Esmeraldas dos especies m\u00e1s estaban listas para su liberaci\u00f3n. Se trataba de un oso perezoso de dos u\u00f1as y un loro cabeciazul.<\/p>\n<p style=\"text-align: justify;\">Luego de las respectivas evaluaciones m\u00e9dicas veterinarias, en Mindo, la tarde del\u00a0mi\u00e9rcoles 10 de septiembre, en la Reserva Ecol\u00f3gica La Piedra Negra fueron puestos en libertad el loro cachete rosado y la guatusa, mientras que a Esmeraldas, este\u00a0jueves\u00a011, en la reserva ecol\u00f3gica Mache-Chindul en La Laguna de Cube fueron trasladados el oso perezoso, las tortugas e iguanas.<\/p>\n<p style=\"text-align: justify;\">\u201cEs muy importante que el manejo de\u00a0\u00a0los espec\u00edmenes de vida silvestre\u00a0\u00a0o el contacto con el ser humano sea lo menos posible para evitar una improntaci\u00f3n (que aprenda un comportamiento). Esto facilita su liberaci\u00f3n en su h\u00e1bitat natural. En el caso de que hayan sido improntados es conveniente ingresarlos en centros de rescate o manejo de vida silvestre donde se llevan a cabo investigaciones, educaci\u00f3n ambiental, entre otros\u201d, manifest\u00f3 Diego Morillo, especialista en vida silvestre del MAE.<\/p>\n<p style=\"text-align: justify;\">Habitantes de la comunidad aleda\u00f1a a la Laguna de Cube acompa\u00f1aron a los funcionarios de esta Cartera de Estado y participaron en la liberaci\u00f3n de las especies. \u201cEs bonito ver como los animalitos regresan a su casa. El oso trep\u00f3 el \u00e1rbol, las tortugas nadaron felices en la laguna y las iguanas salieron corriendo hasta perderse en la maleza\u201d, fueron las palabras de emoci\u00f3n de un poblador.<\/p>\n<p style=\"text-align: justify;\">\u201cMucha gente se lleva los animales, se los quieren comer o piensan que son mascotas, no tienen conocimiento que se pueden extinguir. Dios ha puesto todas estas hermosuras en la tierra para que cuidemos lo que \u00e9l nos dej\u00f3 como herencia\u201d, fue el mensaje de Winston Tapa, un esmeralde\u00f1o funcionario del MAE.<\/p>\n","protected":false},"excerpt":{"rendered":"<p class=\"excerpt\">Doce espec\u00edmenes de vida silvestre fueron liberados en su h\u00e1bitat natural en atenci\u00f3n a denuncias, rescates, decomisos o entregas voluntarias en un trabajo coordinado entre el Ministerio del Ambiente (MAE) y la Unidad de Protecci\u00f3n del Medio Ambiente de la Polic\u00eda Nacional (UPMA). Entre los ejemplares se encontraban un loro cachete rosado, dos especies de tortuga, una guatusa y dos&hellip; <a href=\"https:\/\/www.ambienteyenergia.gob.ec\/ambiente\/mae-libera-doce-especimenes-de-vida-silvestre-en-mindo-y-esmeraldas\/\">Read more &rarr;<\/a><\/p>\n","protected":false},"author":13,"featured_media":22395,"comment_status":"open","ping_status":"open","sticky":false,"template":"","format":"standard","meta":{"footnotes":""},"categories":[16,4],"tags":[],"class_list":["post-22394","post","type-post","status-publish","format-standard","has-post-thumbnail","hentry","category-comunicamos","category-noticias","xfolkentry"],"_links":{"self":[{"href":"https:\/\/www.ambienteyenergia.gob.ec\/ambiente\/wp-json\/wp\/v2\/posts\/22394","targetHints":{"allow":["GET"]}}],"collection":[{"href":"https:\/\/www.ambienteyenergia.gob.ec\/ambiente\/wp-json\/wp\/v2\/posts"}],"about":[{"href":"https:\/\/www.ambienteyenergia.gob.ec\/ambiente\/wp-json\/wp\/v2\/types\/post"}],"author":[{"embeddable":true,"href":"https:\/\/www.ambienteyenergia.gob.ec\/ambiente\/wp-json\/wp\/v2\/users\/13"}],"replies":[{"embeddable":true,"href":"https:\/\/www.ambienteyenergia.gob.ec\/ambiente\/wp-json\/wp\/v2\/comments?post=22394"}],"version-history":[{"count":0,"href":"https:\/\/www.ambienteyenergia.gob.ec\/ambiente\/wp-json\/wp\/v2\/posts\/22394\/revisions"}],"wp:featuredmedia":[{"embeddable":true,"href":"https:\/\/www.ambienteyenergia.gob.ec\/ambiente\/wp-json\/wp\/v2\/media\/22395"}],"wp:attachment":[{"href":"https:\/\/www.ambienteyenergia.gob.ec\/ambiente\/wp-json\/wp\/v2\/media?parent=22394"}],"wp:term":[{"taxonomy":"category","embeddable":true,"href":"https:\/\/www.ambienteyenergia.gob.ec\/ambiente\/wp-json\/wp\/v2\/categories?post=22394"},{"taxonomy":"post_tag","embeddable":true,"href":"https:\/\/www.ambienteyenergia.gob.ec\/ambiente\/wp-json\/wp\/v2\/tags?post=22394"}],"curies":[{"name":"wp","href":"https:\/\/api.w.org\/{rel}","templated":true}]}}