{"id":22381,"date":"2014-09-10T18:39:06","date_gmt":"2014-09-10T23:39:06","guid":{"rendered":"http:\/\/www.ambiente.gob.ec\/?p=22381"},"modified":"2014-09-10T18:46:53","modified_gmt":"2014-09-10T23:46:53","slug":"periodistas-participaron-en-el-primer-seminario-estrategico-para-comunicadores-micse-mae","status":"publish","type":"post","link":"https:\/\/www.ambienteyenergia.gob.ec\/ambiente\/periodistas-participaron-en-el-primer-seminario-estrategico-para-comunicadores-micse-mae\/","title":{"rendered":"Periodistas participaron en el primer Seminario Estrat\u00e9gico para comunicadores en temas ambientales"},"content":{"rendered":"<p style=\"text-align: justify;\">Hoy, alrededor de 50 periodistas de varios medios de comunicaci\u00f3n del pa\u00eds participaron en el primer Seminario Estrat\u00e9gico para comunicadores, organizado por el \u00a0Ministerio Coordinador de Sectores Estrat\u00e9gicos (MICSE) y el Ministerio del Ambiente (MAE), con el objetivo de potencializar y dar a conocer los avances y proyectos que se ejecutan en el pa\u00eds en materia ambiental.<\/p>\n<p style=\"text-align: justify;\">En el acto de inauguraci\u00f3n participaron Rafael Poveda, Ministro de los Sectores Estrat\u00e9gicos y Lorena Tapia, Ministra del Ambiente.<\/p>\n<p style=\"text-align: justify;\">Durante su intervenci\u00f3n, la Ministra del Ambiente, Lorena Tapia, resalt\u00f3 la importancia que tienen los medios de comunicaci\u00f3n en la socializaci\u00f3n de la gesti\u00f3n en materia ambiental.\u00a0 \u201cLos medios de comunicaci\u00f3n son fundamentales en la construcci\u00f3n de la opini\u00f3n p\u00fablica, pero tambi\u00e9n su trabajo es vital en la educaci\u00f3n a los ciudadanos. Por ello, la jornada que tendremos permitir\u00e1 afianzar esa relaci\u00f3n y entregaremos insumos necesarios para construir juntos un mejor Ecuador, un Ecuador Verde\u201d.<\/p>\n<p style=\"text-align: justify;\">En ese sentido, la M\u00e1xima Autoridad Ambiental destac\u00f3 que todas las pol\u00edticas, normas y acciones que ejecuta el MAE est\u00e1n estructuradas en pro del desarrollo sostenible del pa\u00eds. \u201cTrabajamos desde diferentes \u00e1reas como calidad y control ambiental, patrimonio natural, gesti\u00f3n integral de residuos s\u00f3lidos, cambio clim\u00e1tico. Todo ello con un enfoque estrat\u00e9gico de lo cual hoy van a conocer m\u00e1s para comunicar mejor a los ciudadanos a quienes nos debemos\u201d, indic\u00f3 la Ministra Tapia.<\/p>\n<p style=\"text-align: justify;\">Para finalizar, la Titular de la Cartera de Ambiente record\u00f3 a los periodistas que, a trav\u00e9s de su trabajo, transmiten informaci\u00f3n que llega a miles de ciudadanos quienes desde su individualidad, puede aportar al cuidado ambiental.<\/p>\n<p style=\"text-align: justify;\"><strong>Ponencias <\/strong><\/p>\n<p style=\"text-align: justify;\">Luego de las palabras de la Ministra Tapia, Titulares de varias dependencias del Ministerio del Ambiente expusieron sobre las acciones que realizan bajo sus competencias.<\/p>\n<p style=\"text-align: justify;\"><strong>Patrimonio Natural <\/strong><\/p>\n<p style=\"text-align: justify;\">En su intervenci\u00f3n, el Subsecretario de Patrimonio Natural, Francisco Prieto, habl\u00f3 todas las acciones que el Ministerio del Ambiente ha realizado en pro de este importante y vital tema para el pa\u00eds.<\/p>\n<p style=\"text-align: justify;\">Enfocado en la problem\u00e1tica de Tr\u00e1fico ilegal de vida Silvestre, Prieto explic\u00f3\u00a0 que las causas de la extinci\u00f3n de algunas especies son la p\u00e9rdida de h\u00e1bitat, cosecha no sostenible, tr\u00e1fico ilegal, contaminaci\u00f3n, introducci\u00f3n de especies invasoras, cambio clim\u00e1tico y proyectos a gran escala, entre otros.<\/p>\n<p style=\"text-align: justify;\">Asimismo, indic\u00f3 que actualmente, el MAE trabaja en el Control de tr\u00e1fico de vida silvestre, a trav\u00e9s de ejes como el decomiso, rescate, rehabilitaci\u00f3n y reintroducci\u00f3n.<\/p>\n<p style=\"text-align: justify;\">En ese sentido, resalt\u00f3 que para 2030, el Ecuador habr\u00e1 rescatado a todas las especies consideradas en peligro de extinci\u00f3n y habr\u00e1 asegurado la conservaci\u00f3n de la biodiversidad en cada nivel.<\/p>\n<p style=\"text-align: justify;\"><strong>Socio Bosque<\/strong><\/p>\n<p style=\"text-align: justify;\">En su ponencia, el Gerente del Programa Socio Bosque-MAE, Max Lascano, explic\u00f3 a los comunicadores sobre el programa de Incentivos Forestales\u00a0 que esta Cartera de Estado aplica para conservar los boques nativos del pa\u00eds, a cambio de un monto econ\u00f3mico que entrega a los due\u00f1os de los predios.<\/p>\n<p style=\"text-align: justify;\">Lascano resalt\u00f3 que esta Estrategia Nacional de incentivos es parte de la Pol\u00edtica de Gobernanza del Patrimonio Natural para la sociedad del Buen Vivir, y que incluye ejes como la gesti\u00f3n de paisajes naturales, incentivos para la conservaci\u00f3n y uso sostenible, investigaci\u00f3n y monitoreo, y bioseguridad y biotecnolog\u00eda.<\/p>\n<p style=\"text-align: justify;\">Asimismo, indic\u00f3 que el Programa Socio Bosque est\u00e1 constituido por los cap\u00edtulos Socio P\u00e1ramo, y Socio Manglar.<\/p>\n<p style=\"text-align: justify;\"><strong>Control y Calidad Ambiental <\/strong><\/p>\n<p style=\"text-align: justify;\">Paola Carrera, Subsecretaria de la Calidad Ambiental del MAE, dio a conocer los \u00edtems m\u00e1s importantes de la normativa ambiental vigente, espec\u00edficamente\u00a0 sobre el proceso para la emisi\u00f3n de permisos ambientales\u00a0 establecido en el TULAS (Texto Unificado de Legislaci\u00f3n Ambiental Secundaria).<\/p>\n<p style=\"text-align: justify;\">La Subsecretaria explic\u00f3 algunos conceptos b\u00e1sicos que se manejan en ese tema como: promotores, estudios ambientales, plan de manejo ambiental, pasivos y remediaci\u00f3n ambiental. Adem\u00e1s, indic\u00f3 los pasos y diferencias en el proceso de regularizaci\u00f3n ambiental, mediante la categorizaci\u00f3n ambiental nacional.<\/p>\n<p style=\"text-align: justify;\"><strong>Programa de reparaci\u00f3n Ambiental y social (PRAS)<\/strong><\/p>\n<p style=\"text-align: justify;\">Por su parte, el Gerente del PRAS, Ignacio Mart\u00ednez, inform\u00f3 que este programa se \u00a0cre\u00f3 en el 2008 como una iniciativa del Ministerio del Ambiente dirigida a promover la gesti\u00f3n integral de los pasivos ambientales y sociales producidos por el desarrollo de actividades econ\u00f3micas generadas por actores p\u00fablicos y privados.<\/p>\n<p style=\"text-align: justify;\">Asimismo, inform\u00f3 que el Programa que preside, realiza investigaci\u00f3n, gesti\u00f3n de la informaci\u00f3n, reparaci\u00f3n, valoraci\u00f3n y formulaci\u00f3n de normas y metodolog\u00edas para el desarrollo de herramientas de gesti\u00f3n ambiental y social a nivel nacional, contribuyendo y articulando la construcci\u00f3n y aplicaci\u00f3n de la pol\u00edtica p\u00fablica.<\/p>\n<p style=\"text-align: justify;\">Mart\u00ednez, se\u00f1al\u00f3 que el PRAS se encarga de actuar ante da\u00f1os ambientales, mediante la Direcci\u00f3n para el Desarrollo del Sistema de Informaci\u00f3n Nacional de Indicadores de Pasivos Ambientales y Sociales (SINPAS); la Direcci\u00f3n de Generaci\u00f3n de Indicadores de Respuesta (GIR); y la \u00a0Valoraci\u00f3n de Pasivos Socio Ambientales (VALPAS).<\/p>\n<p style=\"text-align: justify;\"><strong>Programa Nacional para la Gesti\u00f3n Integral de Desechos S\u00f3lidos PNGIDS<\/strong><\/p>\n<p style=\"text-align: justify;\">En su intervenci\u00f3n, Paula Guerra, Gerente del PNGIDS indic\u00f3 que este programa tiene la finalidad de contribuir a la minimizaci\u00f3n del impacto ambiental generado por el inadecuado manejo de los residuos s\u00f3lidos urbanos para mejorar la calidad de vida de la poblaci\u00f3n del pa\u00eds, mediante la implementaci\u00f3n de procesos de gesti\u00f3n integral de los desechos s\u00f3lidos en los municipios del Ecuador.<\/p>\n<p style=\"text-align: justify;\">Es decir, su gesti\u00f3n se centra en el dise\u00f1o e implementaci\u00f3n de una pol\u00edtica p\u00fablica a nivel nacional, e implementa modelos estandarizado con base en par\u00e1metros geogr\u00e1ficos, poblacionales, generaci\u00f3n y caracterizaci\u00f3n de los residuos s\u00f3lidos que se ajusten a la realidad de cada municipio.<\/p>\n<p style=\"text-align: justify;\">Adem\u00e1s, resalt\u00f3 que este programa enfatiza su trabajo en ejes como Reducci\u00f3n de pasivos ambientales; cierre t\u00e9cnico de botaderos y optimizaci\u00f3n de rellenos sanitarios; responsabilidad extendida del productor; recicladores; mancomunamiento en residuos s\u00f3lidos; fundas reusables, entre otros.<\/p>\n<p style=\"color: rgb(55, 55, 55); text-align: justify;\">Esta iniciativa permiti\u00f3 a los periodistas nutrirse de conocimientos t\u00e9cnicos, y as\u00ed, puedan informar con datos precisos a la ciudadan\u00eda, permiti\u00e9ndoles comprender mejor el trabajo que realiza el Gobierno Nacional en pro de un Ecuador m\u00e1s Verde.<\/p>\n<p style=\"color: rgb(55, 55, 55); text-align: justify;\">El objetivo que cumplen los comunicadores dentro de la sociedad es fundamental, por ello, se ha pensado en este tipo de acercamientos que proporcionan m\u00e1s informaci\u00f3n y solventan inquietudes.<\/p>\n<p style=\"color: #373737;\"><a style=\"color: #1982d1;\" href=\"http:\/\/www.ambienteyenergia.gob.ec\/ambiente\/wp-content\/uploads\/downloads\/2014\/09\/seminario-comunicadores.pdf\">Seminario Estrat\u00e9gico para Comunicadores<\/a><\/p>\n","protected":false},"excerpt":{"rendered":"<p class=\"excerpt\">Hoy, alrededor de 50 periodistas de varios medios de comunicaci\u00f3n del pa\u00eds participaron en el primer Seminario Estrat\u00e9gico para comunicadores, organizado por el \u00a0Ministerio Coordinador de Sectores Estrat\u00e9gicos (MICSE) y el Ministerio del Ambiente (MAE), con el objetivo de potencializar y dar a conocer los avances y proyectos que se ejecutan en el pa\u00eds en materia ambiental. En el acto&hellip; <a href=\"https:\/\/www.ambienteyenergia.gob.ec\/ambiente\/periodistas-participaron-en-el-primer-seminario-estrategico-para-comunicadores-micse-mae\/\">Read more &rarr;<\/a><\/p>\n","protected":false},"author":13,"featured_media":22382,"comment_status":"open","ping_status":"open","sticky":false,"template":"","format":"standard","meta":{"footnotes":""},"categories":[16,4],"tags":[387,550],"class_list":["post-22381","post","type-post","status-publish","format-standard","has-post-thumbnail","hentry","category-comunicamos","category-noticias","tag-mae-lorena-tapia","tag-micse","xfolkentry"],"_links":{"self":[{"href":"https:\/\/www.ambienteyenergia.gob.ec\/ambiente\/wp-json\/wp\/v2\/posts\/22381","targetHints":{"allow":["GET"]}}],"collection":[{"href":"https:\/\/www.ambienteyenergia.gob.ec\/ambiente\/wp-json\/wp\/v2\/posts"}],"about":[{"href":"https:\/\/www.ambienteyenergia.gob.ec\/ambiente\/wp-json\/wp\/v2\/types\/post"}],"author":[{"embeddable":true,"href":"https:\/\/www.ambienteyenergia.gob.ec\/ambiente\/wp-json\/wp\/v2\/users\/13"}],"replies":[{"embeddable":true,"href":"https:\/\/www.ambienteyenergia.gob.ec\/ambiente\/wp-json\/wp\/v2\/comments?post=22381"}],"version-history":[{"count":0,"href":"https:\/\/www.ambienteyenergia.gob.ec\/ambiente\/wp-json\/wp\/v2\/posts\/22381\/revisions"}],"wp:featuredmedia":[{"embeddable":true,"href":"https:\/\/www.ambienteyenergia.gob.ec\/ambiente\/wp-json\/wp\/v2\/media\/22382"}],"wp:attachment":[{"href":"https:\/\/www.ambienteyenergia.gob.ec\/ambiente\/wp-json\/wp\/v2\/media?parent=22381"}],"wp:term":[{"taxonomy":"category","embeddable":true,"href":"https:\/\/www.ambienteyenergia.gob.ec\/ambiente\/wp-json\/wp\/v2\/categories?post=22381"},{"taxonomy":"post_tag","embeddable":true,"href":"https:\/\/www.ambienteyenergia.gob.ec\/ambiente\/wp-json\/wp\/v2\/tags?post=22381"}],"curies":[{"name":"wp","href":"https:\/\/api.w.org\/{rel}","templated":true}]}}