{"id":22373,"date":"2014-09-10T14:41:05","date_gmt":"2014-09-10T19:41:05","guid":{"rendered":"http:\/\/www.ambiente.gob.ec\/?p=22373"},"modified":"2014-09-10T14:41:05","modified_gmt":"2014-09-10T19:41:05","slug":"mae-libera-dos-especimenes-de-vida-silvestre-en-tungurahua","status":"publish","type":"post","link":"https:\/\/www.ambienteyenergia.gob.ec\/ambiente\/mae-libera-dos-especimenes-de-vida-silvestre-en-tungurahua\/","title":{"rendered":"MAE libera dos espec\u00edmenes de vida silvestre en Tungurahua"},"content":{"rendered":"<p style=\"text-align: justify;\">T\u00e9cnicos de la Unidad Vida Silvestre del Ministerio del Ambiente de Ecuador, liberaron un B\u00faho Mochuelo (Glaucidium parkeri) y un Gavil\u00e1n Variable (Buteo polyosoma), en la provincia de Tungurahua, el pasado martes, gracias al arduo trabajo que realiza la Direcci\u00f3n Provincial del Ambiente.<\/p>\n<p>Estas acciones se realizan gracias al apoyo de la ciudadan\u00eda, que en este caso entregaron a estos dos espec\u00edmenes en la oficinas de la Direcci\u00f3n Provincial, cumpliendo as\u00ed con la normativa ambiental vigente, que proh\u00edbe la tenencia, caza, comercializaci\u00f3n y tr\u00e1fico de vida silvestre en todo el territorio nacional.<\/p>\n<p>En el caso del B\u00faho, miembros de la Polic\u00eda Nacional, gracias a una alerta ciudadana al ECU 911, pudieron rescatar a un ave que se encontraba perdida caminando en las veredas del sector de Santa Rosa, que al parecer se encontraba desorientada y fatigada. Luego de su valoraci\u00f3n veterinaria se determin\u00f3 que no presenta problemas f\u00edsicos, ni de salud.<\/p>\n<p>Por otro lado, el Gavil\u00e1n fue capturado por pobladores de la comuna Calamaca, ubicada al occidente de la ciudad de Ambato, debido a que el ave se encontraba cazando pollos, luego de lo cual trasladaron a este esp\u00e9cimen de vida silvestre a las oficinas de la Direcci\u00f3n Provincial del Ambiente, para que t\u00e9cnicos de esta Cartera de Estado realicen los procedimientos correspondientes para su reinserci\u00f3n en un h\u00e1bitat adecuado.<\/p>\n<p>Estas dos especies de aves rapaces fueron liberadas la tarde del pasado martes, en la zona de Cerro Casigana, al suroccidente de la ciudad de Ambato, lugar que cuenta con las condiciones \u00f3ptimas mara el desarrollo y bienestar de estos dos espec\u00edmenes, que desde all\u00ed podr\u00e1n desplegar vuelo hacia cualquier zona\u00a0 del valle del r\u00edo Ambato o monta\u00f1as aleda\u00f1as.<\/p>\n<p>El MAE trabaja activamente en la protecci\u00f3n de nuestro patrimonio natural, con el fin de evitar la tenencia, caza o comercializaci\u00f3n de espec\u00edmenes de vida silvestre. Esta actividad va de la mano con el compromiso y responsabilidad ciudadana que cada vez suma esfuerzos para cuidar nuestro ambiente.<\/p>\n","protected":false},"excerpt":{"rendered":"<p class=\"excerpt\">T\u00e9cnicos de la Unidad Vida Silvestre del Ministerio del Ambiente de Ecuador, liberaron un B\u00faho Mochuelo (Glaucidium parkeri) y un Gavil\u00e1n Variable (Buteo polyosoma), en la provincia de Tungurahua, el pasado martes, gracias al arduo trabajo que realiza la Direcci\u00f3n Provincial del Ambiente. Estas acciones se realizan gracias al apoyo de la ciudadan\u00eda, que en este caso entregaron a estos&hellip; <a href=\"https:\/\/www.ambienteyenergia.gob.ec\/ambiente\/mae-libera-dos-especimenes-de-vida-silvestre-en-tungurahua\/\">Read more &rarr;<\/a><\/p>\n","protected":false},"author":13,"featured_media":22374,"comment_status":"open","ping_status":"open","sticky":false,"template":"","format":"standard","meta":{"footnotes":""},"categories":[16,4],"tags":[],"class_list":["post-22373","post","type-post","status-publish","format-standard","has-post-thumbnail","hentry","category-comunicamos","category-noticias","xfolkentry"],"_links":{"self":[{"href":"https:\/\/www.ambienteyenergia.gob.ec\/ambiente\/wp-json\/wp\/v2\/posts\/22373","targetHints":{"allow":["GET"]}}],"collection":[{"href":"https:\/\/www.ambienteyenergia.gob.ec\/ambiente\/wp-json\/wp\/v2\/posts"}],"about":[{"href":"https:\/\/www.ambienteyenergia.gob.ec\/ambiente\/wp-json\/wp\/v2\/types\/post"}],"author":[{"embeddable":true,"href":"https:\/\/www.ambienteyenergia.gob.ec\/ambiente\/wp-json\/wp\/v2\/users\/13"}],"replies":[{"embeddable":true,"href":"https:\/\/www.ambienteyenergia.gob.ec\/ambiente\/wp-json\/wp\/v2\/comments?post=22373"}],"version-history":[{"count":0,"href":"https:\/\/www.ambienteyenergia.gob.ec\/ambiente\/wp-json\/wp\/v2\/posts\/22373\/revisions"}],"wp:featuredmedia":[{"embeddable":true,"href":"https:\/\/www.ambienteyenergia.gob.ec\/ambiente\/wp-json\/wp\/v2\/media\/22374"}],"wp:attachment":[{"href":"https:\/\/www.ambienteyenergia.gob.ec\/ambiente\/wp-json\/wp\/v2\/media?parent=22373"}],"wp:term":[{"taxonomy":"category","embeddable":true,"href":"https:\/\/www.ambienteyenergia.gob.ec\/ambiente\/wp-json\/wp\/v2\/categories?post=22373"},{"taxonomy":"post_tag","embeddable":true,"href":"https:\/\/www.ambienteyenergia.gob.ec\/ambiente\/wp-json\/wp\/v2\/tags?post=22373"}],"curies":[{"name":"wp","href":"https:\/\/api.w.org\/{rel}","templated":true}]}}