{"id":22367,"date":"2014-09-10T09:15:34","date_gmt":"2014-09-10T14:15:34","guid":{"rendered":"http:\/\/www.ambiente.gob.ec\/?p=22367"},"modified":"2014-09-10T09:15:34","modified_gmt":"2014-09-10T14:15:34","slug":"mae-participa-en-taller-de-coordinacion-euroclima-en-mexico","status":"publish","type":"post","link":"https:\/\/www.ambienteyenergia.gob.ec\/ambiente\/mae-participa-en-taller-de-coordinacion-euroclima-en-mexico\/","title":{"rendered":"MAE participa en Taller de Coordinaci\u00f3n EUROCLIMA en M\u00e9xico"},"content":{"rendered":"<p style=\"text-align: justify;\">El Ministerio del Ambiente, a trav\u00e9s de la Subsecretar\u00eda de Cambio Clim\u00e1tico, como Punto Focal Nacional del Programa de EUROCLIMA, particip\u00f3 en el <strong><em>\u201c<\/em><\/strong>Primer Taller Regional de Presentaci\u00f3n y Coordinaci\u00f3n de Actividades de la segunda fase del Programa EUROCLIMA (2014-2016)\u201d, que serealiza en el hotel Fiesta Americana en la ciudad de M\u00e9xico, del 1 al 3 de septiembre de 2014.<\/p>\n<p style=\"text-align: justify;\">\n<p style=\"text-align: justify;\">Esta actividad reuni\u00f3 a los Puntos Focales, sus delegados y\/o expertos cient\u00edficos y t\u00e9cnicos de Am\u00e9rica Latina y El Caribe que vienen desarrollando actividades dentro del Programa EUROCLIMA, en sus respectivos pa\u00edses, referentes del sector agropecuario; los Representantes del IICA de cada uno de los pa\u00edses, y un grupo selecto de especialistas internacionales en los temas de sequ\u00eda, desertificaci\u00f3n, y modelizaci\u00f3n biof\u00edsica de sistemas agr\u00edcolas.<\/p>\n<p style=\"text-align: justify;\">\n<p style=\"text-align: justify;\">El Taller arranc\u00f3 con una presentaci\u00f3n magistral sobre gesti\u00f3n de riesgos clim\u00e1ticos a la producci\u00f3n agr\u00edcola, de parte del experto internacional invitado, Allan Lavell. Posteriormente, los representantes de EUROCLIMA, IICA y JRC presentaron a los participantes la gesti\u00f3n ejecutada por cada una de sus organizaciones en las tem\u00e1ticas de fomento a la agricultura, investigaci\u00f3n en sequ\u00eda, desertificaci\u00f3n y modelizaci\u00f3n biof\u00edsica de los sistemas agr\u00edcolas.<\/p>\n<p style=\"text-align: justify;\">\n<p style=\"text-align: justify;\">Durante el evento, se desarrollaron sesiones paralelas sobre los temas t\u00f3picos de cambio clim\u00e1tico, desertificaci\u00f3n y sequ\u00eda, y modelizaci\u00f3n f\u00edsica. Luego de cada panel, se abrieron plenarias de preguntas y discusi\u00f3n, finalizando con una s\u00edntesis reflexiva sobre los t\u00f3picos discutidos, las cuales fueron presentadas en una Sesi\u00f3n Plenaria General a todos los participantes, para dar cabida a las reflexiones de los participantes y los organizadores del evento.<\/p>\n<p style=\"text-align: justify;\">\n<p style=\"text-align: justify;\">Como parte de las acciones desarrolladas en el evento paralelo de desertificaci\u00f3n y sequ\u00eda, coordinado por EUROCLIMA, el MAE participar\u00e1 en un trabajo conjunto con otros pa\u00edses de la regi\u00f3n para levantar y sistematizar las obras de aprovechamiento y cosecha de agua lluvia y niebla, en zonas con d\u00e9ficit h\u00eddrico, trabajo que podr\u00eda ser financiado por EUROCLIMA.<\/p>\n<p style=\"text-align: justify;\">\n","protected":false},"excerpt":{"rendered":"<p class=\"excerpt\">El Ministerio del Ambiente, a trav\u00e9s de la Subsecretar\u00eda de Cambio Clim\u00e1tico, como Punto Focal Nacional del Programa de EUROCLIMA, particip\u00f3 en el \u201cPrimer Taller Regional de Presentaci\u00f3n y Coordinaci\u00f3n de Actividades de la segunda fase del Programa EUROCLIMA (2014-2016)\u201d, que serealiza en el hotel Fiesta Americana en la ciudad de M\u00e9xico, del 1 al 3 de septiembre de 2014.&hellip; <a href=\"https:\/\/www.ambienteyenergia.gob.ec\/ambiente\/mae-participa-en-taller-de-coordinacion-euroclima-en-mexico\/\">Read more &rarr;<\/a><\/p>\n","protected":false},"author":13,"featured_media":22368,"comment_status":"open","ping_status":"open","sticky":false,"template":"","format":"standard","meta":{"footnotes":""},"categories":[16,4],"tags":[],"class_list":["post-22367","post","type-post","status-publish","format-standard","has-post-thumbnail","hentry","category-comunicamos","category-noticias","xfolkentry"],"_links":{"self":[{"href":"https:\/\/www.ambienteyenergia.gob.ec\/ambiente\/wp-json\/wp\/v2\/posts\/22367","targetHints":{"allow":["GET"]}}],"collection":[{"href":"https:\/\/www.ambienteyenergia.gob.ec\/ambiente\/wp-json\/wp\/v2\/posts"}],"about":[{"href":"https:\/\/www.ambienteyenergia.gob.ec\/ambiente\/wp-json\/wp\/v2\/types\/post"}],"author":[{"embeddable":true,"href":"https:\/\/www.ambienteyenergia.gob.ec\/ambiente\/wp-json\/wp\/v2\/users\/13"}],"replies":[{"embeddable":true,"href":"https:\/\/www.ambienteyenergia.gob.ec\/ambiente\/wp-json\/wp\/v2\/comments?post=22367"}],"version-history":[{"count":0,"href":"https:\/\/www.ambienteyenergia.gob.ec\/ambiente\/wp-json\/wp\/v2\/posts\/22367\/revisions"}],"wp:featuredmedia":[{"embeddable":true,"href":"https:\/\/www.ambienteyenergia.gob.ec\/ambiente\/wp-json\/wp\/v2\/media\/22368"}],"wp:attachment":[{"href":"https:\/\/www.ambienteyenergia.gob.ec\/ambiente\/wp-json\/wp\/v2\/media?parent=22367"}],"wp:term":[{"taxonomy":"category","embeddable":true,"href":"https:\/\/www.ambienteyenergia.gob.ec\/ambiente\/wp-json\/wp\/v2\/categories?post=22367"},{"taxonomy":"post_tag","embeddable":true,"href":"https:\/\/www.ambienteyenergia.gob.ec\/ambiente\/wp-json\/wp\/v2\/tags?post=22367"}],"curies":[{"name":"wp","href":"https:\/\/api.w.org\/{rel}","templated":true}]}}