{"id":22362,"date":"2014-09-10T09:09:17","date_gmt":"2014-09-10T14:09:17","guid":{"rendered":"http:\/\/www.ambiente.gob.ec\/?p=22362"},"modified":"2014-09-10T09:10:16","modified_gmt":"2014-09-10T14:10:16","slug":"mae-participa-en-capacitacion-sobre-el-sistema-operativo-de-sequias-sos","status":"publish","type":"post","link":"https:\/\/www.ambienteyenergia.gob.ec\/ambiente\/mae-participa-en-capacitacion-sobre-el-sistema-operativo-de-sequias-sos\/","title":{"rendered":"MAE participa en Capacitaci\u00f3n sobre el Sistema Operativo de Sequ\u00edas (SOS)"},"content":{"rendered":"<p style=\"text-align: justify;\">El Ministerio del Ambiente, a trav\u00e9s de la Subsecretar\u00eda de Cambio Clim\u00e1tico, como Punto Focal Nacional del Programa de EUROCLIMA, particip\u00f3 en la Sesi\u00f3n de Capacitaci\u00f3n en el uso del Sistema Operativo de Sequ\u00edas (SOS), realizado en la ciudad de M\u00e9xico, del 4 al 5 de septiembre de 2014.<\/p>\n<p style=\"text-align: justify;\">\nEl sistema operativo SOS es una plataforma de computaci\u00f3n para el c\u00e1lculo autom\u00e1tico de \u00edndices de sequ\u00eda (ej. PDSI, SPI y CMI) y su cartograf\u00eda.<\/p>\n<p style=\"text-align: justify;\">\nLa sesi\u00f3n de capacitaci\u00f3n\u00a0 fue organizada por los cient\u00edficos Andr\u00e9s Ravelo y Roberto Zanvettor del Centro de Relevamiento y Evaluaci\u00f3n de Recursos Agr\u00edcolas y Naturales (CREAN) de la Facultad de Ciencias Agropecuarias de la Universidad Nacional de C\u00f3rdoba, Argentina, con el soporte del Centro Internacional para la Investigaci\u00f3n del Fen\u00f3meno del Ni\u00f1o (CIIFEN) y de la Comisi\u00f3n Nacional del Agua (CONAGUA).<\/p>\n<p>Un producto de este programa es el Atlas de Sequ\u00edas para Argentina, que est\u00e1 en proceso de publicaci\u00f3n, y el uso operacional por la Comisi\u00f3n Nacional del Agua (CONAGUA, M\u00e9xico) para la \u201dDetecci\u00f3n, evaluaci\u00f3n y pron\u00f3stico de las sequ\u00edas en la regi\u00f3n del Organismo de Cuenca Pac\u00edfico Norte, M\u00e9xico\u201d.<\/p>\n<p>El prop\u00f3sito de la sesi\u00f3n de capacitaci\u00f3n es brindar las herramientas necesarias para que cada instituci\u00f3n miembro, en sus respectivos pa\u00edses, pueda adoptar o mejorar el sistema SOS en sus \u00e1reas de intervenci\u00f3n, y generar de acuerdo a las necesidades de aplicaci\u00f3n, los mapas de los \u00edndices de sequ\u00eda, que servir\u00e1n para la implementaci\u00f3n de sistemas de alerta temprana frente a diferentes tipos de sequ\u00eda (metorol\u00f3gica, agr\u00edcola y\/o hidrol\u00f3gica) y la mejor disposici\u00f3n de informaci\u00f3n para la toma de decisiones.<\/p>\n","protected":false},"excerpt":{"rendered":"<p class=\"excerpt\">El Ministerio del Ambiente, a trav\u00e9s de la Subsecretar\u00eda de Cambio Clim\u00e1tico, como Punto Focal Nacional del Programa de EUROCLIMA, particip\u00f3 en la Sesi\u00f3n de Capacitaci\u00f3n en el uso del Sistema Operativo de Sequ\u00edas (SOS), realizado en la ciudad de M\u00e9xico, del 4 al 5 de septiembre de 2014. El sistema operativo SOS es una plataforma de computaci\u00f3n para el&hellip; <a href=\"https:\/\/www.ambienteyenergia.gob.ec\/ambiente\/mae-participa-en-capacitacion-sobre-el-sistema-operativo-de-sequias-sos\/\">Read more &rarr;<\/a><\/p>\n","protected":false},"author":13,"featured_media":22363,"comment_status":"open","ping_status":"open","sticky":false,"template":"","format":"standard","meta":{"footnotes":""},"categories":[16,4],"tags":[],"class_list":["post-22362","post","type-post","status-publish","format-standard","has-post-thumbnail","hentry","category-comunicamos","category-noticias","xfolkentry"],"_links":{"self":[{"href":"https:\/\/www.ambienteyenergia.gob.ec\/ambiente\/wp-json\/wp\/v2\/posts\/22362","targetHints":{"allow":["GET"]}}],"collection":[{"href":"https:\/\/www.ambienteyenergia.gob.ec\/ambiente\/wp-json\/wp\/v2\/posts"}],"about":[{"href":"https:\/\/www.ambienteyenergia.gob.ec\/ambiente\/wp-json\/wp\/v2\/types\/post"}],"author":[{"embeddable":true,"href":"https:\/\/www.ambienteyenergia.gob.ec\/ambiente\/wp-json\/wp\/v2\/users\/13"}],"replies":[{"embeddable":true,"href":"https:\/\/www.ambienteyenergia.gob.ec\/ambiente\/wp-json\/wp\/v2\/comments?post=22362"}],"version-history":[{"count":0,"href":"https:\/\/www.ambienteyenergia.gob.ec\/ambiente\/wp-json\/wp\/v2\/posts\/22362\/revisions"}],"wp:featuredmedia":[{"embeddable":true,"href":"https:\/\/www.ambienteyenergia.gob.ec\/ambiente\/wp-json\/wp\/v2\/media\/22363"}],"wp:attachment":[{"href":"https:\/\/www.ambienteyenergia.gob.ec\/ambiente\/wp-json\/wp\/v2\/media?parent=22362"}],"wp:term":[{"taxonomy":"category","embeddable":true,"href":"https:\/\/www.ambienteyenergia.gob.ec\/ambiente\/wp-json\/wp\/v2\/categories?post=22362"},{"taxonomy":"post_tag","embeddable":true,"href":"https:\/\/www.ambienteyenergia.gob.ec\/ambiente\/wp-json\/wp\/v2\/tags?post=22362"}],"curies":[{"name":"wp","href":"https:\/\/api.w.org\/{rel}","templated":true}]}}