{"id":22356,"date":"2014-09-10T09:30:47","date_gmt":"2014-09-10T14:30:47","guid":{"rendered":"http:\/\/www.ambiente.gob.ec\/?p=22356"},"modified":"2014-09-10T09:33:50","modified_gmt":"2014-09-10T14:33:50","slug":"mae-participara-en-el-vii-congreso-iberoamericano-de-educacion-ambiental","status":"publish","type":"post","link":"https:\/\/www.ambienteyenergia.gob.ec\/ambiente\/mae-participara-en-el-vii-congreso-iberoamericano-de-educacion-ambiental\/","title":{"rendered":"MAE participar\u00e1 en el VII Congreso Iberoamericano de Educaci\u00f3n Ambiental"},"content":{"rendered":"<p style=\"text-align: justify;\">El Ministerio del Ambiente de Ecuador (MAE), a trav\u00e9s del Proyecto de Educaci\u00f3n Ambiental Ciudadana, participar\u00e1 en el VII Congreso Iberoamericano de Educaci\u00f3n Ambiental bajo el lema\u00a0 Educarnos juntos para la sustentabilidad de la vida, a realizarse los d\u00edas 10, 11 y 12 de septiembre, en la ciudad de Lima, Per\u00fa.<\/p>\n<p>Con el objetivo de promover el intercambio de experiencias y avances en educaci\u00f3n ambiental de la regi\u00f3n, t\u00e9cnicos del MAE realizar\u00e1n una charla magistral con el tema: Formaci\u00f3n de Promotores Ambientales Comunitarios en Parroquias Rurales; Experiencia del Ecuador, que forma parte del proyecto nacional de desarrollo comunitario, a trav\u00e9s de educaci\u00f3n ambiental, con el fin de promover el cuidado del ambiente desde el \u00e1mbito local.<\/p>\n<p>Este congreso est\u00e1 dirigido a comunidades y proyectos comunitarios; establecimientos educativos, universidades e investigadores; instituciones p\u00fablicas y privadas con proyectos educativos ambientales de alcance comunitario; Organizaciones No Gubernamentales (ONG); empresas con pol\u00edticas de responsabilidad socio-ambiental, y ciudadan\u00eda en general.<\/p>\n<p>Para poder seguir el evento en l\u00ednea ingresa <a href=\"http:\/\/www.cidea7.pe\/enlaces_en_vivo.php\">aqu\u00ed<\/a><\/p>\n","protected":false},"excerpt":{"rendered":"<p class=\"excerpt\">El Ministerio del Ambiente de Ecuador (MAE), a trav\u00e9s del Proyecto de Educaci\u00f3n Ambiental Ciudadana, participar\u00e1 en el VII Congreso Iberoamericano de Educaci\u00f3n Ambiental bajo el lema\u00a0 Educarnos juntos para la sustentabilidad de la vida, a realizarse los d\u00edas 10, 11 y 12 de septiembre, en la ciudad de Lima, Per\u00fa. Con el objetivo de promover el intercambio de experiencias&hellip; <a href=\"https:\/\/www.ambienteyenergia.gob.ec\/ambiente\/mae-participara-en-el-vii-congreso-iberoamericano-de-educacion-ambiental\/\">Read more &rarr;<\/a><\/p>\n","protected":false},"author":13,"featured_media":22352,"comment_status":"open","ping_status":"open","sticky":false,"template":"","format":"standard","meta":{"footnotes":""},"categories":[16,4],"tags":[],"class_list":["post-22356","post","type-post","status-publish","format-standard","has-post-thumbnail","hentry","category-comunicamos","category-noticias","xfolkentry"],"_links":{"self":[{"href":"https:\/\/www.ambienteyenergia.gob.ec\/ambiente\/wp-json\/wp\/v2\/posts\/22356","targetHints":{"allow":["GET"]}}],"collection":[{"href":"https:\/\/www.ambienteyenergia.gob.ec\/ambiente\/wp-json\/wp\/v2\/posts"}],"about":[{"href":"https:\/\/www.ambienteyenergia.gob.ec\/ambiente\/wp-json\/wp\/v2\/types\/post"}],"author":[{"embeddable":true,"href":"https:\/\/www.ambienteyenergia.gob.ec\/ambiente\/wp-json\/wp\/v2\/users\/13"}],"replies":[{"embeddable":true,"href":"https:\/\/www.ambienteyenergia.gob.ec\/ambiente\/wp-json\/wp\/v2\/comments?post=22356"}],"version-history":[{"count":0,"href":"https:\/\/www.ambienteyenergia.gob.ec\/ambiente\/wp-json\/wp\/v2\/posts\/22356\/revisions"}],"wp:featuredmedia":[{"embeddable":true,"href":"https:\/\/www.ambienteyenergia.gob.ec\/ambiente\/wp-json\/wp\/v2\/media\/22352"}],"wp:attachment":[{"href":"https:\/\/www.ambienteyenergia.gob.ec\/ambiente\/wp-json\/wp\/v2\/media?parent=22356"}],"wp:term":[{"taxonomy":"category","embeddable":true,"href":"https:\/\/www.ambienteyenergia.gob.ec\/ambiente\/wp-json\/wp\/v2\/categories?post=22356"},{"taxonomy":"post_tag","embeddable":true,"href":"https:\/\/www.ambienteyenergia.gob.ec\/ambiente\/wp-json\/wp\/v2\/tags?post=22356"}],"curies":[{"name":"wp","href":"https:\/\/api.w.org\/{rel}","templated":true}]}}