{"id":22351,"date":"2014-09-10T08:24:33","date_gmt":"2014-09-10T13:24:33","guid":{"rendered":"http:\/\/www.ambiente.gob.ec\/?p=22351"},"modified":"2014-09-10T08:57:35","modified_gmt":"2014-09-10T13:57:35","slug":"seminario-estrategico-capacita-a-comunicadores-en-manejo-ambiental","status":"publish","type":"post","link":"https:\/\/www.ambienteyenergia.gob.ec\/ambiente\/seminario-estrategico-capacita-a-comunicadores-en-manejo-ambiental\/","title":{"rendered":"Seminario Estrat\u00e9gico capacita a comunicadores en manejo ambiental"},"content":{"rendered":"<p style=\"text-align: justify;\">Con el objetivo de potencializar y dar a conocer los avances y proyectos que se ejecutan en el pa\u00eds en materia ambiental, el Ministerio Coordinador de los Sectores Estrat\u00e9gicos y el Ministerio del Ambiente organizan el primer Seminario Estrat\u00e9gico para comunicadores.<\/p>\n<p style=\"text-align: justify;\">Este encuentro, que se desarrollar\u00e1 este 10 de septiembre de 2014 en CIESPAL, tiene como prop\u00f3sito profundizar datos y fortalecer las potencialidades de los periodistas al referirse a temas ambientales.<\/p>\n<p style=\"text-align: justify;\">En el acto de inauguraci\u00f3n participar\u00e1n Rafael Poveda, Ministro de los Sectores Estrat\u00e9gicos y Lorena Tapia, Ministra del Ambiente; quienes dar\u00e1n la bienvenida a los comunicadores.<\/p>\n<p style=\"text-align: justify;\">El contenido del taller estar\u00e1 enfocado en temas como procesos de licenciamiento y permisos ambientales; remediaci\u00f3n ambiental y social; Plan Nacional de Residuos S\u00f3lidos; control de vida silvestre y control forestal; Plan Nacional de Incentivos Forestales; adaptaci\u00f3n y mitigaci\u00f3n del Cambio Clim\u00e1tico y c\u00f3mo se ejecutan las campa\u00f1as de comunicaci\u00f3n ambientales.<\/p>\n<p style=\"text-align: justify;\">Esta iniciativa permitir\u00e1 a los periodistas nutrirse de conocimientos t\u00e9cnicos, y as\u00ed, puedan informar con datos precisos a la ciudadan\u00eda, permiti\u00e9ndoles comprender mejor el trabajo que realiza el Gobierno Nacional en pro de un Ecuador m\u00e1s Verde.<\/p>\n<p style=\"text-align: justify;\">El objetivo que cumplen los comunicadores dentro de la sociedad es fundamental, por ello, se ha pensado en este tipo de acercamientos que proporcionan m\u00e1s informaci\u00f3n y solventan inquietudes.<\/p>\n<p style=\"text-align: justify;\"><a href=\"http:\/\/www.ambienteyenergia.gob.ec\/ambiente\/wp-content\/uploads\/downloads\/2014\/09\/seminario-comunicadores.pdf\">Seminario Estrat\u00e9gico para Comunicadores<\/a><\/p>\n","protected":false},"excerpt":{"rendered":"<p class=\"excerpt\">Con el objetivo de potencializar y dar a conocer los avances y proyectos que se ejecutan en el pa\u00eds en materia ambiental, el Ministerio Coordinador de los Sectores Estrat\u00e9gicos y el Ministerio del Ambiente organizan el primer Seminario Estrat\u00e9gico para comunicadores. Este encuentro, que se desarrollar\u00e1 este 10 de septiembre de 2014 en CIESPAL, tiene como prop\u00f3sito profundizar datos y&hellip; <a href=\"https:\/\/www.ambienteyenergia.gob.ec\/ambiente\/seminario-estrategico-capacita-a-comunicadores-en-manejo-ambiental\/\">Read more &rarr;<\/a><\/p>\n","protected":false},"author":13,"featured_media":22352,"comment_status":"open","ping_status":"open","sticky":false,"template":"","format":"standard","meta":{"footnotes":""},"categories":[16,4],"tags":[],"class_list":["post-22351","post","type-post","status-publish","format-standard","has-post-thumbnail","hentry","category-comunicamos","category-noticias","xfolkentry"],"_links":{"self":[{"href":"https:\/\/www.ambienteyenergia.gob.ec\/ambiente\/wp-json\/wp\/v2\/posts\/22351","targetHints":{"allow":["GET"]}}],"collection":[{"href":"https:\/\/www.ambienteyenergia.gob.ec\/ambiente\/wp-json\/wp\/v2\/posts"}],"about":[{"href":"https:\/\/www.ambienteyenergia.gob.ec\/ambiente\/wp-json\/wp\/v2\/types\/post"}],"author":[{"embeddable":true,"href":"https:\/\/www.ambienteyenergia.gob.ec\/ambiente\/wp-json\/wp\/v2\/users\/13"}],"replies":[{"embeddable":true,"href":"https:\/\/www.ambienteyenergia.gob.ec\/ambiente\/wp-json\/wp\/v2\/comments?post=22351"}],"version-history":[{"count":0,"href":"https:\/\/www.ambienteyenergia.gob.ec\/ambiente\/wp-json\/wp\/v2\/posts\/22351\/revisions"}],"wp:featuredmedia":[{"embeddable":true,"href":"https:\/\/www.ambienteyenergia.gob.ec\/ambiente\/wp-json\/wp\/v2\/media\/22352"}],"wp:attachment":[{"href":"https:\/\/www.ambienteyenergia.gob.ec\/ambiente\/wp-json\/wp\/v2\/media?parent=22351"}],"wp:term":[{"taxonomy":"category","embeddable":true,"href":"https:\/\/www.ambienteyenergia.gob.ec\/ambiente\/wp-json\/wp\/v2\/categories?post=22351"},{"taxonomy":"post_tag","embeddable":true,"href":"https:\/\/www.ambienteyenergia.gob.ec\/ambiente\/wp-json\/wp\/v2\/tags?post=22351"}],"curies":[{"name":"wp","href":"https:\/\/api.w.org\/{rel}","templated":true}]}}