{"id":22345,"date":"2014-09-09T17:00:39","date_gmt":"2014-09-09T22:00:39","guid":{"rendered":"http:\/\/www.ambiente.gob.ec\/?p=22345"},"modified":"2014-09-09T17:00:39","modified_gmt":"2014-09-09T22:00:39","slug":"mae-consolida-propuesta-regional-sobre-compras-publicas-sostenibles","status":"publish","type":"post","link":"https:\/\/www.ambienteyenergia.gob.ec\/ambiente\/mae-consolida-propuesta-regional-sobre-compras-publicas-sostenibles\/","title":{"rendered":"MAE consolida propuesta regional sobre Compras P\u00fablicas Sostenibles"},"content":{"rendered":"<p style=\"text-align: justify;\">Como parte de las actividades que se realizan en el primer taller de capacitaci\u00f3n de Compras P\u00fablicas Sostenibles y Ecoetiquetado, que se desarrolla en Quito, t\u00e9cnicos del Servicio Nacional de Contrataci\u00f3n P\u00fablica (SERCOP) y el Ministerio del Ambiente de Ecuador (MAE) participaron de una mesa de trabajo en conjunto con Farid Yaker y M\u00f3nica Borrero Coordinadores Mundial y Regional de Compras P\u00fablicas Sostenibles y Ecoetiquetado, respectivamente.<\/p>\n<p>Durante el d\u00eda de hoy, se trataron temas sobre viabilidad, definir competencias y establecer responsabilidades de las instituciones involucradas en esta iniciativa mundial que alberga 18 pa\u00edses en los cinco continentes. A nivel regional son 8 pa\u00edses los que integran esta propuesta mundial de aporte local para contribuir con la general de combatir la pobreza desde mecanismos sostenibles de desarrollo que integre todos los sectores de la sociedad y el ambiente.<\/p>\n<p>Entre las metas establecidas en este Plan es poder implementar la metodolog\u00eda de compras p\u00fablicas sostenibles a nivel local, desarrollada por el Programa de Naciones Unidas para el Medio Ambiente (PNUMA), que permite el desarrollo de diferentes acciones desde la parte estrat\u00e9gica, an\u00e1lisis de mercado, priorizaci\u00f3n de bienes y servicios, que permitir\u00e1n el desarrollo de una plan de acci\u00f3n de Compras P\u00fablicas Sostenibles.<\/p>\n<p>\u201cA corto plazo, este plan contempla la creaci\u00f3n de un proyecto piloto de compras p\u00fablicas que se define como un proceso en el cual las instituciones gubernamentales alcanzan un alto rendimiento en el gasto p\u00fablico, considerando principalmente los impactos ambientales, sociales y econ\u00f3micos a lo largo del ciclo de vida de los bienes adquiridos, generando de esta forma la expansi\u00f3n del marcado local de peque\u00f1os productores a nivel local y regional\u201d, coment\u00f3 Farid Yaker.<\/p>\n<p>Los patrones de desarrollo no sustentables son los principales responsables de la crisis ambiental que se ha magnificado a a nivel mundial, por ello, el rol del estado es fundamental para integrar la propuesta con nuestro plan nacional de desarrollo.<\/p>\n<p>Por su parte Paola Carrera, Subsecretaria de Calidad Ambiental, en representaci\u00f3n de la Ministra del Ambiente, Lorena Tapia, asegur\u00f3 que el gasto p\u00fablico se ubica dentro del 8 y 30% del Producto Interno Bruto Nacional.\u00a0 \u201cCada compra es una oportunidad de impulsar a los mercados hacia la innovaci\u00f3n y sostenibilidad. Los beneficios sociales de compras p\u00fablicas sostenibles incluyen la reducci\u00f3n de la pobreza, el aumento de la equidad y el respeto a las normas fundamentales del trabajo\u201d.<\/p>\n<p style=\"text-align: justify;\">\nDurante estos dos d\u00edas de ponencias y de intercambio de conocimientos\u00a0 cada uno conoci\u00f3 m\u00e1s de este proceso emblem\u00e1tico de car\u00e1cter mundial, pero a la vez se pudo demostrar cu\u00e1l es el compromiso del Gobierno Nacional en materia ambiental.<\/p>\n<p style=\"text-align: justify;\">\n\u201cEcuador busca consolidar la sociedad del Buen Vivir por medio del cambio en la matriz productiva\u00a0 y energ\u00e9tica, incluyendo a todos los sectores de la sociedad civil para que juntos formemos parte de este gran cambio que\u00a0 no solo beneficiara a las familias ecuatorianas, sino que ser\u00e1 un ejemplo de desarrollo responsable con el cuidado de nuestro patrimonio natural\u201d, enfatiz\u00f3 Paola Carrera.<\/p>\n","protected":false},"excerpt":{"rendered":"<p class=\"excerpt\">Como parte de las actividades que se realizan en el primer taller de capacitaci\u00f3n de Compras P\u00fablicas Sostenibles y Ecoetiquetado, que se desarrolla en Quito, t\u00e9cnicos del Servicio Nacional de Contrataci\u00f3n P\u00fablica (SERCOP) y el Ministerio del Ambiente de Ecuador (MAE) participaron de una mesa de trabajo en conjunto con Farid Yaker y M\u00f3nica Borrero Coordinadores Mundial y Regional de&hellip; <a href=\"https:\/\/www.ambienteyenergia.gob.ec\/ambiente\/mae-consolida-propuesta-regional-sobre-compras-publicas-sostenibles\/\">Read more &rarr;<\/a><\/p>\n","protected":false},"author":13,"featured_media":22346,"comment_status":"open","ping_status":"open","sticky":false,"template":"","format":"standard","meta":{"footnotes":""},"categories":[16,4],"tags":[],"class_list":["post-22345","post","type-post","status-publish","format-standard","has-post-thumbnail","hentry","category-comunicamos","category-noticias","xfolkentry"],"_links":{"self":[{"href":"https:\/\/www.ambienteyenergia.gob.ec\/ambiente\/wp-json\/wp\/v2\/posts\/22345","targetHints":{"allow":["GET"]}}],"collection":[{"href":"https:\/\/www.ambienteyenergia.gob.ec\/ambiente\/wp-json\/wp\/v2\/posts"}],"about":[{"href":"https:\/\/www.ambienteyenergia.gob.ec\/ambiente\/wp-json\/wp\/v2\/types\/post"}],"author":[{"embeddable":true,"href":"https:\/\/www.ambienteyenergia.gob.ec\/ambiente\/wp-json\/wp\/v2\/users\/13"}],"replies":[{"embeddable":true,"href":"https:\/\/www.ambienteyenergia.gob.ec\/ambiente\/wp-json\/wp\/v2\/comments?post=22345"}],"version-history":[{"count":0,"href":"https:\/\/www.ambienteyenergia.gob.ec\/ambiente\/wp-json\/wp\/v2\/posts\/22345\/revisions"}],"wp:featuredmedia":[{"embeddable":true,"href":"https:\/\/www.ambienteyenergia.gob.ec\/ambiente\/wp-json\/wp\/v2\/media\/22346"}],"wp:attachment":[{"href":"https:\/\/www.ambienteyenergia.gob.ec\/ambiente\/wp-json\/wp\/v2\/media?parent=22345"}],"wp:term":[{"taxonomy":"category","embeddable":true,"href":"https:\/\/www.ambienteyenergia.gob.ec\/ambiente\/wp-json\/wp\/v2\/categories?post=22345"},{"taxonomy":"post_tag","embeddable":true,"href":"https:\/\/www.ambienteyenergia.gob.ec\/ambiente\/wp-json\/wp\/v2\/tags?post=22345"}],"curies":[{"name":"wp","href":"https:\/\/api.w.org\/{rel}","templated":true}]}}