{"id":22341,"date":"2014-09-09T16:49:27","date_gmt":"2014-09-09T21:49:27","guid":{"rendered":"http:\/\/www.ambiente.gob.ec\/?p=22341"},"modified":"2014-09-09T16:50:16","modified_gmt":"2014-09-09T21:50:16","slug":"mae-analiza-impacto-de-incentivos-fiscales-y-monetarios-sobre-la-biodiversidad-en-la-amazonia-ecuatoriana","status":"publish","type":"post","link":"https:\/\/www.ambienteyenergia.gob.ec\/ambiente\/mae-analiza-impacto-de-incentivos-fiscales-y-monetarios-sobre-la-biodiversidad-en-la-amazonia-ecuatoriana\/","title":{"rendered":"MAE analiza impacto de incentivos fiscales y monetarios sobre la biodiversidad en la amazon\u00eda ecuatoriana"},"content":{"rendered":"<p style=\"text-align: justify;\">El Ministerio del Ambiente de Ecuador (MAE), a trav\u00e9s de la Subsecretar\u00eda de Cambio Clim\u00e1tico organiz\u00f3 el evento de presentaci\u00f3n y discusi\u00f3n sobre \u201cAn\u00e1lisis de incentivos fiscales y monetarios (IFM) con impacto en la biodiversidad en la amazon\u00eda ecuatoriana\u201d el pasado 3 de septiembre.<\/p>\n<p style=\"text-align: justify;\">\nCon el fin de contribuir a los esfuerzos de conservaci\u00f3n de la biodiversidad en el marco de un modelo de desarrollo sostenible, el Centro Ecuatoriano de Derecho Ambiental (CEDA) realiz\u00f3 el a\u00f1o pasado un \u201cDiagn\u00f3stico y An\u00e1lisis de los Incentivos Fiscales y Monetarios (IFM) con Impacto en la Biodiversidad en la Amazon\u00eda Ecuatoriana\u201d con apoyo financiero de la Cooperaci\u00f3n Alemana al Desarrollo (GIZ), con el fin de identificar aquellos incentivos que generen impacto sobre la biodiversidad en la Amazon\u00eda Ecuatoriana.<\/p>\n<p style=\"text-align: justify;\">\nPor otro lado, el pasado mes de junio, el CEDA present\u00f3 los resultados del diagn\u00f3stico de los incentivos dirigidos al sector agr\u00edcola, ganadero y forestal con fines de comercializaci\u00f3n.<\/p>\n<p style=\"text-align: justify;\">\nEn este contexto, se organiz\u00f3 el encuentro entre varias instituciones p\u00fablicas, organismos y agencias internacionales, para abrir un espacio de di\u00e1logo sobre los impactos registrados con el fin de elaborar propuestas de ajuste que contribuyan a la conservaci\u00f3n de la biodiversidad en la Amazon\u00eda.<\/p>\n<p style=\"text-align: justify;\">\nA partir de este encuentro entre actores claves, fue posible recopilar una gran cantidad de recomendaciones al estudio para reducir el impacto no deseado de los incentivos identificados. Adicionalmente, se evidenci\u00f3 el compromiso conjunto de llevar a cabo una mesa de trabajo entre los participantes para implementar las propuestas.<\/p>\n","protected":false},"excerpt":{"rendered":"<p class=\"excerpt\">El Ministerio del Ambiente de Ecuador (MAE), a trav\u00e9s de la Subsecretar\u00eda de Cambio Clim\u00e1tico organiz\u00f3 el evento de presentaci\u00f3n y discusi\u00f3n sobre \u201cAn\u00e1lisis de incentivos fiscales y monetarios (IFM) con impacto en la biodiversidad en la amazon\u00eda ecuatoriana\u201d el pasado 3 de septiembre. Con el fin de contribuir a los esfuerzos de conservaci\u00f3n de la biodiversidad en el marco&hellip; <a href=\"https:\/\/www.ambienteyenergia.gob.ec\/ambiente\/mae-analiza-impacto-de-incentivos-fiscales-y-monetarios-sobre-la-biodiversidad-en-la-amazonia-ecuatoriana\/\">Read more &rarr;<\/a><\/p>\n","protected":false},"author":13,"featured_media":22342,"comment_status":"open","ping_status":"open","sticky":false,"template":"","format":"standard","meta":{"footnotes":""},"categories":[16,4],"tags":[],"class_list":["post-22341","post","type-post","status-publish","format-standard","has-post-thumbnail","hentry","category-comunicamos","category-noticias","xfolkentry"],"_links":{"self":[{"href":"https:\/\/www.ambienteyenergia.gob.ec\/ambiente\/wp-json\/wp\/v2\/posts\/22341","targetHints":{"allow":["GET"]}}],"collection":[{"href":"https:\/\/www.ambienteyenergia.gob.ec\/ambiente\/wp-json\/wp\/v2\/posts"}],"about":[{"href":"https:\/\/www.ambienteyenergia.gob.ec\/ambiente\/wp-json\/wp\/v2\/types\/post"}],"author":[{"embeddable":true,"href":"https:\/\/www.ambienteyenergia.gob.ec\/ambiente\/wp-json\/wp\/v2\/users\/13"}],"replies":[{"embeddable":true,"href":"https:\/\/www.ambienteyenergia.gob.ec\/ambiente\/wp-json\/wp\/v2\/comments?post=22341"}],"version-history":[{"count":0,"href":"https:\/\/www.ambienteyenergia.gob.ec\/ambiente\/wp-json\/wp\/v2\/posts\/22341\/revisions"}],"wp:featuredmedia":[{"embeddable":true,"href":"https:\/\/www.ambienteyenergia.gob.ec\/ambiente\/wp-json\/wp\/v2\/media\/22342"}],"wp:attachment":[{"href":"https:\/\/www.ambienteyenergia.gob.ec\/ambiente\/wp-json\/wp\/v2\/media?parent=22341"}],"wp:term":[{"taxonomy":"category","embeddable":true,"href":"https:\/\/www.ambienteyenergia.gob.ec\/ambiente\/wp-json\/wp\/v2\/categories?post=22341"},{"taxonomy":"post_tag","embeddable":true,"href":"https:\/\/www.ambienteyenergia.gob.ec\/ambiente\/wp-json\/wp\/v2\/tags?post=22341"}],"curies":[{"name":"wp","href":"https:\/\/api.w.org\/{rel}","templated":true}]}}